{"id":15622,"date":"2024-07-25T16:48:23","date_gmt":"2024-07-25T23:48:23","guid":{"rendered":"https:\/\/www.regioncuatronoticias.com\/?p=15622"},"modified":"2024-07-25T16:48:25","modified_gmt":"2024-07-25T23:48:25","slug":"cae-ismael-el-mayo-zambada-esta-bajo-custodia-de-las-autoridades-de-estados-unidos","status":"publish","type":"post","link":"https:\/\/www.regioncuatronoticias.com\/index.php\/2024\/07\/25\/cae-ismael-el-mayo-zambada-esta-bajo-custodia-de-las-autoridades-de-estados-unidos\/","title":{"rendered":"Cae Ismael \u201cEl Mayo\u201d Zambada: est\u00e1 bajo custodia de las autoridades de Estados Unidos"},"content":{"rendered":"\n<p>Latinus<\/p>\n\n\n\n<p>julio 25, 2024<\/p>\n\n\n\n<p>El l\u00edder hist\u00f3rico del C\u00e1rtel de Sinaloa, Ismael \u201cEl Mayo\u201d Zambada Garc\u00eda, fue detenido la tarde de este jueves en un aeropuerto de El Paso, Texas, por autoridades estadounidenses.<\/p>\n\n\n\n<p>El narcotraficante mexicano est\u00e1 bajo custodia de Estados Unidos, dijeron a Reuters dos fuentes familiarizadas con la operaci\u00f3n.<\/p>\n\n\n\n<p><strong>Trascendi\u00f3 que \u201cEl Mayo\u201d se habr\u00eda entregado de manera voluntaria.<\/strong><\/p>\n\n\n\n<p>Zambada, de 76 a\u00f1os, fund\u00f3 el Cartel de Sinaloa junto con Joaqu\u00edn \u201cEl Chapo\u201d Guzm\u00e1n, quien fue condenado en 2019 por el juez federal de distrito Brian M. Cogan a cadena perpetua m\u00e1s 30 a\u00f1os de prisi\u00f3n por ser el l\u00edder principal de este grupo criminal.<\/p>\n\n\n\n<p>La DEA ofrec\u00eda una recompensa de 15 millones de d\u00f3lares por informaci\u00f3n que diera con su paradero.<\/p>\n\n\n\n<p>En febrero, fiscales federales estadounidenses acusaron a Zambada de conspiraci\u00f3n para fabricar y distribuir fentanilo, que seg\u00fan funcionarios estadounidenses es la principal causa de muerte de estadounidenses entre 18 y 45 a\u00f1os.<\/p>\n\n\n\n<p>Esa fue la quinta acusaci\u00f3n en contra de \u201cEl Mayo\u201c, la cual fue presentada por el fiscal federal para el distrito este de Nueva York, Breon Peace, y anunciada en conjunto con la directora de la Agencia Antidrogas de Estados Unidos (DEA, por sus siglas en ingl\u00e9s), Anne Milgram.<\/p>\n\n\n\n<p>Las autoridades estadounidenses aseguraron que Zambada Garc\u00eda, de 75 a\u00f1os de edad, contin\u00faa dirigiendo el grupo criminal que cofund\u00f3 con \u201cEl Chapo\u201d.<\/p>\n\n\n\n<p>As\u00ed mismo, se inform\u00f3 que por d\u00e9cadas \u201cEl Mayo\u201d ha supervisado la importaci\u00f3n y distribuci\u00f3n masiva de drogas como coca\u00edna, hero\u00edna, metanfetamina y fentanilo de M\u00e9xico hacia Estados Unidos, lo cual ha provocado diversos actos de violencia como secuestros y asesinatos.<\/p>\n\n\n\n<figure class=\"wp-block-embed is-type-wp-embed is-provider-latin-us wp-block-embed-latin-us\"><div class=\"wp-block-embed__wrapper\">\n<blockquote class=\"wp-embedded-content\" data-secret=\"DWXtiOpcMt\"><a href=\"https:\/\/latinus.us\/2024\/07\/25\/detenien-mayo-zambada-aeropuerto-texas\/\">Cae Ismael &#8220;El Mayo&#8221; Zambada: est\u00e1 bajo custodia de las autoridades de Estados Unidos<\/a><\/blockquote><iframe loading=\"lazy\" class=\"wp-embedded-content\" sandbox=\"allow-scripts\" security=\"restricted\" style=\"position: absolute; visibility: hidden;\" title=\"&#8220;Cae Ismael &#8220;El Mayo&#8221; Zambada: est\u00e1 bajo custodia de las autoridades de Estados Unidos&#8221; &#8212; Latin US\" src=\"https:\/\/latinus.us\/2024\/07\/25\/detenien-mayo-zambada-aeropuerto-texas\/embed\/#?secret=WZs6r2pMhJ#?secret=DWXtiOpcMt\" data-secret=\"DWXtiOpcMt\" width=\"600\" height=\"338\" frameborder=\"0\" marginwidth=\"0\" marginheight=\"0\" scrolling=\"no\"><\/iframe>\n<\/div><\/figure>\n","protected":false},"excerpt":{"rendered":"<p>Latinus julio 25, 2024 El l\u00edder hist\u00f3rico del C\u00e1rtel de Sinaloa, Ismael \u201cEl Mayo\u201d Zambada Garc\u00eda, fue detenido la tarde de este jueves en un aeropuerto de El Paso, Texas, por autoridades estadounidenses. El narcotraficante mexicano est\u00e1 bajo custodia de Estados Unidos, dijeron a Reuters dos fuentes familiarizadas con la operaci\u00f3n. Trascendi\u00f3 que \u201cEl Mayo\u201d [&hellip;]<\/p>\n","protected":false},"author":1,"featured_media":15623,"comment_status":"open","ping_status":"open","sticky":false,"template":"","format":"standard","meta":{"content-type":"","footnotes":""},"categories":[7,105,113],"tags":[],"class_list":{"0":"post-15622","1":"post","2":"type-post","3":"status-publish","4":"format-standard","5":"has-post-thumbnail","7":"category-internacional","8":"category-principal","9":"category-seguridad"},"_links":{"self":[{"href":"https:\/\/www.regioncuatronoticias.com\/index.php\/wp-json\/wp\/v2\/posts\/15622","targetHints":{"allow":["GET"]}}],"collection":[{"href":"https:\/\/www.regioncuatronoticias.com\/index.php\/wp-json\/wp\/v2\/posts"}],"about":[{"href":"https:\/\/www.regioncuatronoticias.com\/index.php\/wp-json\/wp\/v2\/types\/post"}],"author":[{"embeddable":true,"href":"https:\/\/www.regioncuatronoticias.com\/index.php\/wp-json\/wp\/v2\/users\/1"}],"replies":[{"embeddable":true,"href":"https:\/\/www.regioncuatronoticias.com\/index.php\/wp-json\/wp\/v2\/comments?post=15622"}],"version-history":[{"count":1,"href":"https:\/\/www.regioncuatronoticias.com\/index.php\/wp-json\/wp\/v2\/posts\/15622\/revisions"}],"predecessor-version":[{"id":15624,"href":"https:\/\/www.regioncuatronoticias.com\/index.php\/wp-json\/wp\/v2\/posts\/15622\/revisions\/15624"}],"wp:featuredmedia":[{"embeddable":true,"href":"https:\/\/www.regioncuatronoticias.com\/index.php\/wp-json\/wp\/v2\/media\/15623"}],"wp:attachment":[{"href":"https:\/\/www.regioncuatronoticias.com\/index.php\/wp-json\/wp\/v2\/media?parent=15622"}],"wp:term":[{"taxonomy":"category","embeddable":true,"href":"https:\/\/www.regioncuatronoticias.com\/index.php\/wp-json\/wp\/v2\/categories?post=15622"},{"taxonomy":"post_tag","embeddable":true,"href":"https:\/\/www.regioncuatronoticias.com\/index.php\/wp-json\/wp\/v2\/tags?post=15622"}],"curies":[{"name":"wp","href":"https:\/\/api.w.org\/{rel}","templated":true}]}}