{"id":14914,"date":"2024-07-07T19:38:49","date_gmt":"2024-07-08T02:38:49","guid":{"rendered":"https:\/\/www.regioncuatronoticias.com\/?p=14914"},"modified":"2024-07-07T19:38:51","modified_gmt":"2024-07-08T02:38:51","slug":"liberan-a-familia-ecuatoriana-secuestrada-en-mexico-esta-bajo-custodia-de-la-fiscalia","status":"publish","type":"post","link":"https:\/\/www.regioncuatronoticias.com\/index.php\/2024\/07\/07\/liberan-a-familia-ecuatoriana-secuestrada-en-mexico-esta-bajo-custodia-de-la-fiscalia\/","title":{"rendered":"Liberan a familia ecuatoriana secuestrada en M\u00e9xico; est\u00e1 bajo custodia de la Fiscal\u00eda"},"content":{"rendered":"\n<p><strong>La liberaci\u00f3n de la familia originaria de Ecuador fue confirmada por el Ministerio de Relaciones Exteriores y Movilidad Humana<\/strong><\/p>\n\n\n\n<p>Tomado de Dossier Pol\u00edtico<\/p>\n\n\n\n<p>Agencia EFE<\/p>\n\n\n\n<p>Viernes 5 de julio de 2024<\/p>\n\n\n\n<p>El Gobierno de Ecuador confirm\u00f3 este jueves la liberaci\u00f3n de una familia ecuatoriana que se encontraba secuestrada en M\u00e9xico, despu\u00e9s de haber realizado gestiones con autoridades mexicanas y delegaciones consulares para lograr su ubicaci\u00f3n.<\/p>\n\n\n\n<p>Actualmente la familia se encuentra bajo custodia de la Fiscal\u00eda mexicana, seg\u00fan inform\u00f3 el Ministerio de Relaciones Exteriores y Movilidad Humana en un comunicado.<\/p>\n\n\n\n<p>La Canciller\u00eda ecuatoriana, a trav\u00e9s de sus unidades y oficinas consulares, se encuentra en contacto con los familiares de los compatriotas.<\/p>\n\n\n\n<p>La localizaci\u00f3n de la familia se gestion\u00f3 con la Unidad Antisecuestros y la Fiscal\u00eda de Chihuahua, mediante el consulado de Ecuador en Phoenix (Estados Unidos).<\/p>\n\n\n\n<p>El Ejecutivo ecuatoriano, en colaboraci\u00f3n con la Organizaci\u00f3n Internacional para las Migraciones (OIM), ofrecer\u00e1 la opci\u00f3n de retorno asistido al Ecuador.<\/p>\n\n\n\n<p>Si finalmente la familia decide retornar a Ecuador, la Canciller\u00eda aplicar\u00e1 el protocolo de atenci\u00f3n a personas ecuatorianas en situaci\u00f3n de vulnerabilidad y los procedimientos correspondientes para facilitar el retorno.<\/p>\n\n\n\n<p>En los \u00faltimos a\u00f1os se han vuelto frecuentes los casos de migrantes irregulares que buscan llegar a Estados Unidos y que resultan secuestrados o retenidos por las mafias de tr\u00e1fico de personas, quienes les exigen dinero adicional al que ya les han pagado para tramitarles documentos o para permitirles seguir el viaje.<\/p>\n\n\n\n<p>Actualmente, Ecuador no dispone de consulados propios en M\u00e9xico para asistir a sus compatriotas, despu\u00e9s de que en abril M\u00e9xico rompiese las relaciones diplom\u00e1ticas tras la irrupci\u00f3n violenta de la Polic\u00eda a la Embajada mexicana en Quito, para detener a Jorge Glas, un exvicepresidente del Gobierno de Rafael Correa (2007-2017) y de inicios del de Len\u00edn Moreno (2017-2021).<\/p>\n\n\n\n<p>Antes de que un juez ordenase su captura, Glas se hab\u00eda refugiado en diciembre de 2023 en la sede diplom\u00e1tica mexicana y al momento de su detenci\u00f3n gozaba ya del asilo diplom\u00e1tico concedido por el Gobierno del presidente Andr\u00e9s Manuel L\u00f3pez Obrador, y esperaba la extensi\u00f3n de un salvoconducto que le permitiera abandonar el pa\u00eds.<\/p>\n\n\n\n<p>El exvicepresidente actualmente guarda prisi\u00f3n en La Roca, la c\u00e1rcel de m\u00e1xima seguridad de Ecuador, situada en la ciudad costera de Guayaquil, mientras los Gobiernos de Ecuador y M\u00e9xico mantienen un litigio en la Corte Internacional de Justicia (CIJ).<\/p>\n\n\n\n<figure class=\"wp-block-embed\"><div class=\"wp-block-embed__wrapper\">\nhttps:\/\/dossierpolitico.com\/vernoticias.php?artid=300156&#038;relacion=dossierpolitico&#038;categoria=1\n<\/div><\/figure>\n","protected":false},"excerpt":{"rendered":"<p>La liberaci\u00f3n de la familia originaria de Ecuador fue confirmada por el Ministerio de Relaciones Exteriores y Movilidad Humana Tomado de Dossier Pol\u00edtico Agencia EFE Viernes 5 de julio de 2024 El Gobierno de Ecuador confirm\u00f3 este jueves la liberaci\u00f3n de una familia ecuatoriana que se encontraba secuestrada en M\u00e9xico, despu\u00e9s de haber realizado gestiones [&hellip;]<\/p>\n","protected":false},"author":1,"featured_media":14915,"comment_status":"open","ping_status":"open","sticky":false,"template":"","format":"standard","meta":{"content-type":"","footnotes":""},"categories":[3,113],"tags":[],"class_list":{"0":"post-14914","1":"post","2":"type-post","3":"status-publish","4":"format-standard","5":"has-post-thumbnail","7":"category-mexico","8":"category-seguridad"},"_links":{"self":[{"href":"https:\/\/www.regioncuatronoticias.com\/index.php\/wp-json\/wp\/v2\/posts\/14914","targetHints":{"allow":["GET"]}}],"collection":[{"href":"https:\/\/www.regioncuatronoticias.com\/index.php\/wp-json\/wp\/v2\/posts"}],"about":[{"href":"https:\/\/www.regioncuatronoticias.com\/index.php\/wp-json\/wp\/v2\/types\/post"}],"author":[{"embeddable":true,"href":"https:\/\/www.regioncuatronoticias.com\/index.php\/wp-json\/wp\/v2\/users\/1"}],"replies":[{"embeddable":true,"href":"https:\/\/www.regioncuatronoticias.com\/index.php\/wp-json\/wp\/v2\/comments?post=14914"}],"version-history":[{"count":1,"href":"https:\/\/www.regioncuatronoticias.com\/index.php\/wp-json\/wp\/v2\/posts\/14914\/revisions"}],"predecessor-version":[{"id":14916,"href":"https:\/\/www.regioncuatronoticias.com\/index.php\/wp-json\/wp\/v2\/posts\/14914\/revisions\/14916"}],"wp:featuredmedia":[{"embeddable":true,"href":"https:\/\/www.regioncuatronoticias.com\/index.php\/wp-json\/wp\/v2\/media\/14915"}],"wp:attachment":[{"href":"https:\/\/www.regioncuatronoticias.com\/index.php\/wp-json\/wp\/v2\/media?parent=14914"}],"wp:term":[{"taxonomy":"category","embeddable":true,"href":"https:\/\/www.regioncuatronoticias.com\/index.php\/wp-json\/wp\/v2\/categories?post=14914"},{"taxonomy":"post_tag","embeddable":true,"href":"https:\/\/www.regioncuatronoticias.com\/index.php\/wp-json\/wp\/v2\/tags?post=14914"}],"curies":[{"name":"wp","href":"https:\/\/api.w.org\/{rel}","templated":true}]}}