{"id":14398,"date":"2024-06-25T00:22:24","date_gmt":"2024-06-25T07:22:24","guid":{"rendered":"https:\/\/www.regioncuatronoticias.com\/?p=14398"},"modified":"2024-06-25T00:22:26","modified_gmt":"2024-06-25T07:22:26","slug":"no-fue-dona-lola","status":"publish","type":"post","link":"https:\/\/www.regioncuatronoticias.com\/index.php\/2024\/06\/25\/no-fue-dona-lola\/","title":{"rendered":"No fue do\u00f1a Lola"},"content":{"rendered":"\n<p><strong>Columna Corren Rumores<\/strong><\/p>\n\n\n\n<p><strong>Hilario Olea<\/strong><\/p>\n\n\n\n<p><strong>No fue do\u00f1a Lola<\/strong><\/p>\n\n\n\n<p><strong>Martes 25 de junio de 2024<\/strong><\/p>\n\n\n\n<p><strong>NO FUERON LOS PRIMEROS\u2026 <\/strong>Tal y como se ven\u00eda rumorando, se confirmaron este fin de semana los primeros cambios en el gabinete estatal.&nbsp; Los tres primeros si fueron sorpresa, porque los especialistos no le atinamos. El caso de la Secretar\u00eda de Educaci\u00f3n y Cultura se cumpli\u00f3 con la salida de Aar\u00f3n Grageda, pero cuando la mayor\u00eda daba por seguro que su lugar ser\u00eda ocupado por&nbsp; Mar\u00eda Dolores del R\u00edo, \u00a1\u00e1ndale! que sorprenden con la designaci\u00f3n de Froyl\u00e1n G\u00e1mez, quien iba de compa\u00f1ero de f\u00f3rmula de C\u00e9lida L\u00f3pez&nbsp; para senadores por el PT . T\u00e9cnicamente estaba en tercer o cuarto lugar en la lista de los designables, y vaya sorpresa. Le entregan una cartera muy&nbsp; importante y sobre todo donde tienen que lidiar con uno de los sindicatos m\u00e1s poderosos del pa\u00eds. Hay que reconocer que no tiene curr\u00edcula de grandes ligas, pero algo debi\u00f3 ver el gobernador para darle esta oportunidad y sobre todo responsabilidad. Los otros dos nombramientos fueron el de Luis Osuna,&nbsp; para sacar adelante el ISSSTESON, y confirmaron a Lizeth V\u00e1zquez, como directora del DIF Sonora.<\/p>\n\n\n\n<p><strong>\u00bfQU\u00c9&nbsp; PAS\u00d3 CON CELIDA?&#8230; <\/strong>A reserva que en esta misma semana se d\u00e9 a conocer su nombramiento, ahorita est\u00e1 en suspenso lo que pasar\u00e1 con C\u00e9lida L\u00f3pez, quien hay que reconocer se faj\u00f3 como las bien bravas contra Manlio Fabio Beltrones.&nbsp; Cierto que a pesar del apoyo oficial y de la 4T no logr\u00f3 remontar en las votaciones, lo cierto es que dio la batalla porque fue quien lo enfrent\u00f3 de forma m\u00e1s agresiva. Esto le cost\u00f3&nbsp; imagen&nbsp; y al final eso se tradujo en votos.&nbsp; Fue la que m\u00e1s declar\u00f3 y confront\u00f3, sin embargo el premio fue para su compa\u00f1ero de f\u00f3rmula.&nbsp; Ahora como consolaci\u00f3n se habla de que podr\u00eda emigrar al gobierno federal, pero eso ser\u00eda hasta octubre.&nbsp; Veremos, porque esto todav\u00eda no acaba el reparto.<\/p>\n\n\n\n<p><strong>MAR\u00cdA DOLORES SIN LA SEC\u2026<\/strong> Todav\u00eda hasta el viernes en la mayor\u00eda de los espacios de opini\u00f3n se daba por descontado que Mar\u00eda Dolores del R\u00edo ser\u00eda premiada y rescatada con la cartera de la Secretar\u00eda de Educaci\u00f3n y Cultura. Y miren nanay. Por lo pronto no se ve un cargo de nivel que est\u00e9 desocupado. En la secretar\u00eda de Gobierno es inamovible Adolfo Salazar Razo, incluso hay que reconocerlo que ya est\u00e1 en la lista de los posibles para el 2027. Se antoja dif\u00edcil que regrese a su anterior puesto.&nbsp; La coordinaci\u00f3n de Asesores&nbsp; ya qued\u00f3 Alvaro Bracamonte. \u00bfAlguna paraestatal? S\u00ed; pero, \u00bfcu\u00e1l?&nbsp; El Instituto de Becas, es buena posici\u00f3n, pero no tiene proyecci\u00f3n pol\u00edtica. Ah, y qu\u00e9 pero le ponen a encargarle el partido Morena en Sonora.&nbsp; Podr\u00eda funcionar&nbsp; porque actualmente opera como si fuera una secretar\u00eda pol\u00edtica, pero de bajo perfil.&nbsp; Como la pongan, algo deben de darle de consolaci\u00f3n. Veremos esta semana.<\/p>\n\n\n\n<p><strong>EL CHILL\u00d3N CHANGOLE\u00d3N\u2026 <\/strong>Como le dice Lilly T\u00e9llez a&nbsp; Gerardo Fern\u00e1ndez Noro\u00f1a, el Changole\u00f3n, ahora anda chillando porque no le dieron el hueso que asegura merec\u00eda en el gabinete. Enojado, porque a otros les dieron pluris en mejor posici\u00f3n y cargos en el gabinete, se puso a grabar varios videos reprochando y reclamando de esto a la presidenta electa, quien solo dijo que ser\u00e1 tomado en cuenta. Ahora, como es muy chill\u00f3n, sin duda que le dar\u00e1n alg\u00fan premio de consolaci\u00f3n, pero no la que aspiraba y consideraba que ten\u00eda los m\u00e9ritos para tenerla. El ni\u00f1o quer\u00eda ser l\u00edder del Congreso o de perdida Secretario de Gobernaci\u00f3n, cuando lo tienen ah\u00ed para que desparrame lodo y cosas peores. Solo para eso sirve. Bueno, veamos si los chillidos tienen resultado.<\/p>\n\n\n\n<p><strong>ME VOY A JUBILAR\u2026 <\/strong>Asegura el presidente L\u00f3pez Obrador que la presidenta electa, Claudia Sheinbaum, que este lunes lleg\u00f3 a 62 a\u00f1os, lo invit\u00f3 a colaborar en el gabinete. Asegura que el jefe pol\u00edtico le jur\u00f3 que s\u00ed se iba a jubilar a partir de octubre. Que no le acept\u00f3 ning\u00fan ofrecimiento, a pesar de que le record\u00f3 como \u00c1vila Camacho invit\u00f3 a L\u00e1zaro C\u00e1rdenas y otros tambi\u00e9n invitaron a expresidentes. Nanay. Y miren, en eso de la invitada tiene raz\u00f3n con otros expresidentes, pero ninguno ten\u00eda la fuerza pol\u00edtica de L\u00f3pez Obrador. Hubiera sido un craso error si el mandatario hubiera aceptado, porque hubiera mostrado quien manda y seguir\u00e1 mandando. Tambi\u00e9n se puede pensar que eso fue una cortes\u00eda pol\u00edtica. Pero qu\u00e9 peligrosa, porque si bien no le acepta el hueso, eso da pie a recomendar a alguien. Muy cercano por cierto.<\/p>\n\n\n\n<p>En fin, por eso mejor recuerden lo que dec\u00eda el Pecoso Liz\u00e1rraga,&nbsp; nunca me den porque no acepto, solo p\u00f3nganme donde haya. Sale.<\/p>\n\n\n\n<p><strong>S\u00edganos en la cuenta de X o Twitter @hilarioolea.<\/strong><\/p>\n\n\n\n<p><strong>Pueden vernos de lunes a viernes de 8 a 9 de la noche en nuestro canal de YouTube \u201cEntre Todos Digital\u201d.<\/strong><\/p>\n\n\n\n<p><strong>Sigan nuestras redes sociales<\/strong><\/p>\n","protected":false},"excerpt":{"rendered":"<p>Columna Corren Rumores Hilario Olea No fue do\u00f1a Lola Martes 25 de junio de 2024 NO FUERON LOS PRIMEROS\u2026 Tal y como se ven\u00eda rumorando, se confirmaron este fin de semana los primeros cambios en el gabinete estatal.&nbsp; Los tres primeros si fueron sorpresa, porque los especialistos no le atinamos. El caso de la Secretar\u00eda [&hellip;]<\/p>\n","protected":false},"author":1,"featured_media":14399,"comment_status":"open","ping_status":"open","sticky":false,"template":"","format":"standard","meta":{"content-type":"","footnotes":""},"categories":[121],"tags":[],"class_list":{"0":"post-14398","1":"post","2":"type-post","3":"status-publish","4":"format-standard","5":"has-post-thumbnail","7":"category-hilarioolea"},"_links":{"self":[{"href":"https:\/\/www.regioncuatronoticias.com\/index.php\/wp-json\/wp\/v2\/posts\/14398","targetHints":{"allow":["GET"]}}],"collection":[{"href":"https:\/\/www.regioncuatronoticias.com\/index.php\/wp-json\/wp\/v2\/posts"}],"about":[{"href":"https:\/\/www.regioncuatronoticias.com\/index.php\/wp-json\/wp\/v2\/types\/post"}],"author":[{"embeddable":true,"href":"https:\/\/www.regioncuatronoticias.com\/index.php\/wp-json\/wp\/v2\/users\/1"}],"replies":[{"embeddable":true,"href":"https:\/\/www.regioncuatronoticias.com\/index.php\/wp-json\/wp\/v2\/comments?post=14398"}],"version-history":[{"count":1,"href":"https:\/\/www.regioncuatronoticias.com\/index.php\/wp-json\/wp\/v2\/posts\/14398\/revisions"}],"predecessor-version":[{"id":14400,"href":"https:\/\/www.regioncuatronoticias.com\/index.php\/wp-json\/wp\/v2\/posts\/14398\/revisions\/14400"}],"wp:featuredmedia":[{"embeddable":true,"href":"https:\/\/www.regioncuatronoticias.com\/index.php\/wp-json\/wp\/v2\/media\/14399"}],"wp:attachment":[{"href":"https:\/\/www.regioncuatronoticias.com\/index.php\/wp-json\/wp\/v2\/media?parent=14398"}],"wp:term":[{"taxonomy":"category","embeddable":true,"href":"https:\/\/www.regioncuatronoticias.com\/index.php\/wp-json\/wp\/v2\/categories?post=14398"},{"taxonomy":"post_tag","embeddable":true,"href":"https:\/\/www.regioncuatronoticias.com\/index.php\/wp-json\/wp\/v2\/tags?post=14398"}],"curies":[{"name":"wp","href":"https:\/\/api.w.org\/{rel}","templated":true}]}}