{"id":13879,"date":"2024-06-13T10:56:28","date_gmt":"2024-06-13T17:56:28","guid":{"rendered":"https:\/\/www.regioncuatronoticias.com\/?p=13879"},"modified":"2024-06-13T10:56:30","modified_gmt":"2024-06-13T17:56:30","slug":"hallan-restos-humanos-en-pasta-de-conchos-segob","status":"publish","type":"post","link":"https:\/\/www.regioncuatronoticias.com\/index.php\/2024\/06\/13\/hallan-restos-humanos-en-pasta-de-conchos-segob\/","title":{"rendered":"Hallan restos humanos en Pasta de Conchos: Segob"},"content":{"rendered":"\n<p>Tomado de Aristegui Noticias<\/p>\n\n\n\n<p>Redacci\u00f3n AN<\/p>\n\n\n\n<p>Jueves 13 de junio de 2024<\/p>\n\n\n\n<p>El Gobierno de M\u00e9xico inform\u00f3 a viudas y familiares de las v\u00edctimas de la tragedia en Pasta de Conchos sobre el hallazgo de restos humanos en una galer\u00eda de la mina.<\/p>\n\n\n\n<p>Mediante un comunicado, afirm\u00f3 que iniciar\u00e1n los protocolos de identificaci\u00f3n y los peritajes \u201cque permitan determinar las causas del accidente\u201d.<\/p>\n\n\n\n<p>El hallazgo de los primeros restos humanos ocurri\u00f3 en una de las galer\u00edas, ubicada a 146 metros de profundidad, aseguraron las autoridades.<\/p>\n\n\n\n<p>El comunicado refiere que este mi\u00e9rcoles, las familias fueron notificadas durante una reuni\u00f3n encabezada por la secretaria de Gobernaci\u00f3n, Luisa Mar\u00eda Alcalde Luj\u00e1n.<\/p>\n\n\n\n<p>Adem\u00e1s, estuvo presente el director corporativo de Ingenier\u00eda y Proyectos de Infraestructura de la Comisi\u00f3n Federal de Electricidad (CFE), C\u00e9sar Fuentes Estrada y el jefe de la Unidad de Trabajo Digno de la Secretar\u00eda del Trabajo y Previsi\u00f3n Social (STPS), Alejandro Salafranca V\u00e1zquez.<\/p>\n\n\n\n<p>\u201cTras m\u00e1s de 18 a\u00f1os del lamentable acontecimiento y a cuatro a\u00f1os de que, por instrucciones del presidente Andr\u00e9s Manuel L\u00f3pez Obrador, se iniciaran los trabajos de rescate fue posible llegar a uno de los puntos donde las bit\u00e1coras se\u00f1alan que 13 mineros se encontraban trabajando en esa zona el d\u00eda del accidente\u201d.<\/p>\n\n\n\n<p>Tambi\u00e9n, dieron a conocer que se localizaron, distintos objetos de trabajo y anticiparon que no se advierten datos de una posible explosi\u00f3n.<\/p>\n\n\n\n<p>\u201cEn este punto de la mina no se identific\u00f3 que hubiese tenido lugar una explosi\u00f3n como en su momento lo se\u00f1alaron las autoridades correspondientes. Por el momento se desconoce las condiciones de las galer\u00edas ubicadas en distintos puntos de la mina.\u201d<\/p>\n\n\n\n<p>Indicaron que la Fiscal\u00eda General del Estado de Coahuila, en colaboraci\u00f3n con la Comisi\u00f3n Nacional de B\u00fasqueda (CNB) y el Instituto Nacional de Medicina Gen\u00f3mica (INMEGEN), iniciar\u00e1n con los protocolos de identificaci\u00f3n y los peritajes para determinar las causas del accidente.<\/p>\n\n\n\n<p>La Secretar\u00eda de Gobernaci\u00f3n (Segob) reiter\u00f3 el compromiso del Gobierno de M\u00e9xico \u201cpara continuar estos trabajos con total responsabilidad, manteniendo estrecha comunicaci\u00f3n con las familias, en particular, durante esta etapa que es, por su naturaleza, de la mayor sensibilidad para ellas\u201d.<\/p>\n\n\n\n<figure class=\"wp-block-embed\"><div class=\"wp-block-embed__wrapper\">\nhttps:\/\/aristeguinoticias.com\/1206\/mexico\/hallan-restos-humanos-en-pasta-de-conchos-segob\n<\/div><\/figure>\n","protected":false},"excerpt":{"rendered":"<p>Tomado de Aristegui Noticias Redacci\u00f3n AN Jueves 13 de junio de 2024 El Gobierno de M\u00e9xico inform\u00f3 a viudas y familiares de las v\u00edctimas de la tragedia en Pasta de Conchos sobre el hallazgo de restos humanos en una galer\u00eda de la mina. Mediante un comunicado, afirm\u00f3 que iniciar\u00e1n los protocolos de identificaci\u00f3n y los [&hellip;]<\/p>\n","protected":false},"author":1,"featured_media":13880,"comment_status":"open","ping_status":"open","sticky":false,"template":"","format":"standard","meta":{"content-type":"","footnotes":""},"categories":[3,105],"tags":[],"class_list":{"0":"post-13879","1":"post","2":"type-post","3":"status-publish","4":"format-standard","5":"has-post-thumbnail","7":"category-mexico","8":"category-principal"},"_links":{"self":[{"href":"https:\/\/www.regioncuatronoticias.com\/index.php\/wp-json\/wp\/v2\/posts\/13879","targetHints":{"allow":["GET"]}}],"collection":[{"href":"https:\/\/www.regioncuatronoticias.com\/index.php\/wp-json\/wp\/v2\/posts"}],"about":[{"href":"https:\/\/www.regioncuatronoticias.com\/index.php\/wp-json\/wp\/v2\/types\/post"}],"author":[{"embeddable":true,"href":"https:\/\/www.regioncuatronoticias.com\/index.php\/wp-json\/wp\/v2\/users\/1"}],"replies":[{"embeddable":true,"href":"https:\/\/www.regioncuatronoticias.com\/index.php\/wp-json\/wp\/v2\/comments?post=13879"}],"version-history":[{"count":1,"href":"https:\/\/www.regioncuatronoticias.com\/index.php\/wp-json\/wp\/v2\/posts\/13879\/revisions"}],"predecessor-version":[{"id":13881,"href":"https:\/\/www.regioncuatronoticias.com\/index.php\/wp-json\/wp\/v2\/posts\/13879\/revisions\/13881"}],"wp:featuredmedia":[{"embeddable":true,"href":"https:\/\/www.regioncuatronoticias.com\/index.php\/wp-json\/wp\/v2\/media\/13880"}],"wp:attachment":[{"href":"https:\/\/www.regioncuatronoticias.com\/index.php\/wp-json\/wp\/v2\/media?parent=13879"}],"wp:term":[{"taxonomy":"category","embeddable":true,"href":"https:\/\/www.regioncuatronoticias.com\/index.php\/wp-json\/wp\/v2\/categories?post=13879"},{"taxonomy":"post_tag","embeddable":true,"href":"https:\/\/www.regioncuatronoticias.com\/index.php\/wp-json\/wp\/v2\/tags?post=13879"}],"curies":[{"name":"wp","href":"https:\/\/api.w.org\/{rel}","templated":true}]}}