{"id":12713,"date":"2024-05-27T09:11:00","date_gmt":"2024-05-27T16:11:00","guid":{"rendered":"https:\/\/www.regioncuatronoticias.com\/?p=12713"},"modified":"2024-05-27T09:11:03","modified_gmt":"2024-05-27T16:11:03","slug":"ya-no-soy-el-poeta-que-escribia-retahilas-ahora-me-habita-la-posibilidad-de-lo-breve","status":"publish","type":"post","link":"https:\/\/www.regioncuatronoticias.com\/index.php\/2024\/05\/27\/ya-no-soy-el-poeta-que-escribia-retahilas-ahora-me-habita-la-posibilidad-de-lo-breve\/","title":{"rendered":"Ya no soy el poeta que escrib\u00eda retah\u00edlas; ahora me habita la posibilidad de lo breve"},"content":{"rendered":"\n<p>Son m\u00faltiples las virtudes de&nbsp;<em>Ni xochitl, ni kuikalt-La canci\u00f3n de las flores,<\/em>&nbsp;el libro m\u00e1s reciente del poeta y activista nahua Mardonio Carballo, quien rompe una sequ\u00eda de 10 a\u00f1os sin publicar, tras la aparici\u00f3n en 2014 de&nbsp;<em>Las horas perdidas.<\/em><\/p>\n\n\n\n<p>En principio, es&nbsp;<q>un acto de resistencia<\/q>, como todo ejercicio de escritura, explica el tambi\u00e9n periodista y actor, as\u00ed como un homenaje a las lenguas originarias de M\u00e9xico y un empe\u00f1o por dignificar el hacer de los escritores ind\u00edgenas.<\/p>\n\n\n\n<p>Es, asimismo, un proyecto editorial en el que la voz del n\u00e1huatl se recrea en su poder\u00edo y musicalidad, al tiempo de que es llevada a otros terrenos ling\u00fc\u00edsticos y sonoridades, ya que esta obra fue editada en tres versiones biling\u00fces: n\u00e1huatl-espa\u00f1ol, la original hecha por el autor, as\u00ed como n\u00e1huatl-franc\u00e9s&nbsp;<em>(Le chant des fleurs)&nbsp;<\/em>y n\u00e1huatl-ingl\u00e9s&nbsp;<em>(A Song of Flowers),&nbsp;<\/em>traducidas por Patrick Saurin y Adan W. Coon, de manera respectiva.<\/p>\n\n\n\n<p>El libro est\u00e1 integrado por 49 poemas del poeta nacido hace medio siglo en Chicontepec, Veracruz, 40 breves y nueve extensos, as\u00ed como ilustraciones del dise\u00f1ador mexicano Fernando Laposse, distribuidos en 120 p\u00e1ginas hechas con papel de hojas de ma\u00edz y de vid. Fue prologado por el escritor, traductor y editor argentino Alberto Manguel, lector de Jorge Luis Borges cuando \u00e9ste comenz\u00f3 a perder la vista.<\/p>\n\n\n\n<p>Su publicaci\u00f3n se debe a la editorial francesa JBE Books, especializada en ediciones de arte y poes\u00eda, en colaboraci\u00f3n con la marca de champ\u00e1n Perrier-Jou\u00ebt.<\/p>\n\n\n\n<p>Ser\u00e1 presentado ma\u00f1ana a las 20 horas en la sala Manuel M. Ponce del Palacio de Bellas Artes, luego de que hace unos meses se hizo en Par\u00eds, Francia, en la Casa de Am\u00e9rica Latina, y en el consulado general de M\u00e9xico en Nueva York, Estados Unidos, y de forma previa a que se presente en la Feria de Libro de Madrid, Espa\u00f1a, el 16 de junio, as\u00ed como en Los \u00c1ngeles, California, en julio.<\/p>\n\n\n\n<p>La naturaleza, las flores, los \u00e1rboles, la fertilidad, el erotismo y la embriaguez son los hilos conductores de este poemario. La mayor\u00eda de los textos, alrededor de 70 por ciento, es de reciente creaci\u00f3n; el resto fue ya publicado, aunque no en un \u00fanico ejemplar, por lo que puede considerarse un material in\u00e9dito, dice a&nbsp;<em>La Jornada&nbsp;<\/em>Mardonio Carballo.<\/p>\n\n\n\n<p><q>Desde hace a\u00f1os tengo una obsesi\u00f3n por los \u00e1rboles y las flores. Este libro se nutri\u00f3 de mi fascinaci\u00f3n por ellos, as\u00ed como por la brevedad, a la cual llegu\u00e9 luego de traducir un libro de haik\u00fas. Ya no soy ese poeta que escribe una retah\u00edla, sino que ahora estoy instalado en lo breve<\/q>, refiere.<\/p>\n\n\n\n<p><q>Es algo que ahora me habita y que quiero indagar, esa posibilidad infinita de la brevedad. Para alcanzarla, hay que dar muchas vueltas y pensar mucho, se tiene que buscar una virtud filos\u00f3fica que sustente cada poema; lo que hice fue buscar en la filosof\u00eda n\u00e1huatl.<\/q><\/p>\n\n\n\n<p>Seg\u00fan el tambi\u00e9n conductor de radio y televisi\u00f3n, pionero en la difusi\u00f3n de las lenguas ind\u00edgenas y sus respectivas culturas en los medios de comunicaci\u00f3n,&nbsp;<em>Ni xochitl, ni kuikalt-La canci\u00f3n de las flores<\/em>&nbsp;es expresi\u00f3n y resultado de su proceso de madurez como ser humano.<\/p>\n\n\n\n<p><q>Tiene que ver, tambi\u00e9n, con que me reconcili\u00e9, porque en un principio yo era m\u00e1s bien un artista muy disidente, muy combativo, y aqu\u00ed ocurre otra cosa; la edad va haciendo su trabajo. Estoy m\u00e1s apaciguado; de hecho, en una suerte de contradicci\u00f3n, me vuelco sobre los t\u00f3picos que quiz\u00e1s antes hab\u00eda criticado: la flor y el canto<\/q>, detalla.<\/p>\n\n\n\n<p>\u201cSiempre me preguntaba por qu\u00e9 todo mundo habla de flor y canto, si la po\u00e9tica puede ser mucho m\u00e1s amplia; por qu\u00e9 todo mundo siempre cita a Nezahualc\u00f3yotl, si hay po\u00e9tica de la ruptura, la disrupci\u00f3n, la lucha, el movimiento.<\/p>\n\n\n\n<p><q>Ahora me concentro en c\u00f3mo cae una hoja de un \u00e1rbol; pienso que tiene que ver con el proceso de madurez, tambi\u00e9n con muchas m\u00e1s lecturas. Ya no soy ese chamaco enojado, eso ya pas\u00f3, adem\u00e1s de que tampoco ha sido la narrativa de mi carrera.<\/q><\/p>\n\n\n\n<p><strong><q>El arte, un acto anfibio<\/q><\/strong><\/p>\n\n\n\n<p>La b\u00fasqueda de Mardonio Carballo en el tema ind\u00edgena, precisa,&nbsp;<q>ha sido m\u00e1s bien la dignificaci\u00f3n, tener razones para luchar; pero antes era m\u00e1s frontal. Ahora ya no, aprend\u00ed de lo anfibio. El arte, la creaci\u00f3n, es un acto anfibio: tiene que saber uno cu\u00e1ndo pararse en la cresta de la ola y cu\u00e1ndo dejar que se apague. Considero que estoy en ese momento<\/q>.<\/p>\n\n\n\n<p>El autor refrenda que su nuevo poemario apela a la dignificaci\u00f3n de las lenguas originarias y de los escritores ind\u00edgenas: \u201ccreo que le habla al compa\u00f1ero ind\u00edgena, le dice que puede so\u00f1ar, luchar e inscribir su lengua, nuestras lenguas, en el concierto de la literatura universal.<\/p>\n\n\n\n<p><q>Los escritores en lenguas ind\u00edgenas somos bastante endog\u00e1micos. Disiento de ello: hay que buscar otros p\u00fablicos; seguro podremos encontrarlos donde quiera que est\u00e9n, porque siempre habr\u00e1 un eco que llegue.<\/q><\/p>\n","protected":false},"excerpt":{"rendered":"<p>Son m\u00faltiples las virtudes de&nbsp;Ni xochitl, ni kuikalt-La canci\u00f3n de las flores,&nbsp;el libro m\u00e1s reciente del poeta y activista nahua Mardonio Carballo, quien rompe una sequ\u00eda de 10 a\u00f1os sin publicar, tras la aparici\u00f3n en 2014 de&nbsp;Las horas perdidas. En principio, es&nbsp;un acto de resistencia, como todo ejercicio de escritura, explica el tambi\u00e9n periodista y [&hellip;]<\/p>\n","protected":false},"author":1,"featured_media":12714,"comment_status":"open","ping_status":"open","sticky":false,"template":"","format":"standard","meta":{"content-type":"","footnotes":""},"categories":[112],"tags":[],"class_list":{"0":"post-12713","1":"post","2":"type-post","3":"status-publish","4":"format-standard","5":"has-post-thumbnail","7":"category-cultura"},"_links":{"self":[{"href":"https:\/\/www.regioncuatronoticias.com\/index.php\/wp-json\/wp\/v2\/posts\/12713","targetHints":{"allow":["GET"]}}],"collection":[{"href":"https:\/\/www.regioncuatronoticias.com\/index.php\/wp-json\/wp\/v2\/posts"}],"about":[{"href":"https:\/\/www.regioncuatronoticias.com\/index.php\/wp-json\/wp\/v2\/types\/post"}],"author":[{"embeddable":true,"href":"https:\/\/www.regioncuatronoticias.com\/index.php\/wp-json\/wp\/v2\/users\/1"}],"replies":[{"embeddable":true,"href":"https:\/\/www.regioncuatronoticias.com\/index.php\/wp-json\/wp\/v2\/comments?post=12713"}],"version-history":[{"count":1,"href":"https:\/\/www.regioncuatronoticias.com\/index.php\/wp-json\/wp\/v2\/posts\/12713\/revisions"}],"predecessor-version":[{"id":12715,"href":"https:\/\/www.regioncuatronoticias.com\/index.php\/wp-json\/wp\/v2\/posts\/12713\/revisions\/12715"}],"wp:featuredmedia":[{"embeddable":true,"href":"https:\/\/www.regioncuatronoticias.com\/index.php\/wp-json\/wp\/v2\/media\/12714"}],"wp:attachment":[{"href":"https:\/\/www.regioncuatronoticias.com\/index.php\/wp-json\/wp\/v2\/media?parent=12713"}],"wp:term":[{"taxonomy":"category","embeddable":true,"href":"https:\/\/www.regioncuatronoticias.com\/index.php\/wp-json\/wp\/v2\/categories?post=12713"},{"taxonomy":"post_tag","embeddable":true,"href":"https:\/\/www.regioncuatronoticias.com\/index.php\/wp-json\/wp\/v2\/tags?post=12713"}],"curies":[{"name":"wp","href":"https:\/\/api.w.org\/{rel}","templated":true}]}}