{"id":12608,"date":"2024-05-26T17:39:55","date_gmt":"2024-05-27T00:39:55","guid":{"rendered":"https:\/\/www.regioncuatronoticias.com\/?p=12608"},"modified":"2024-05-26T17:39:57","modified_gmt":"2024-05-27T00:39:57","slug":"miles-de-hermosillenses-bailaron-seducidos-por-el-ritmo-de-y","status":"publish","type":"post","link":"https:\/\/www.regioncuatronoticias.com\/index.php\/2024\/05\/26\/miles-de-hermosillenses-bailaron-seducidos-por-el-ritmo-de-y\/","title":{"rendered":"Miles de hermosillenses bailaron seducidos por el ritmo de Y"},"content":{"rendered":"\n<p><strong>El puertorrique\u00f1o llev\u00f3 un gran ambiente al foro principal en el cierre del segundo d\u00eda de la celebraci\u00f3n que continuar\u00e1 hasta el domingo 26 de mayo<\/strong><\/p>\n\n\n\n<p>Hermosillo, Sonora; 24 de mayo, 2024.- La presentaci\u00f3n estelar del segundo d\u00eda de Fiestas del Pitic 2024 fue el puertorrique\u00f1o Yandel, quien puso a bailar a ritmo de reguet\u00f3n, rumba y salsa a los miles de hermosillenses y visitantes que estuvieron en el Foro Pino Su\u00e1rez.<\/p>\n\n\n\n<p>Los miles de asistentes al foro principal de la celebraci\u00f3n por el 324 aniversario de la fundaci\u00f3n de Hermosillo no pudieron evitar cantar y bailar con las canciones m\u00e1s escuchadas del artista, que fue anunciado como sorpresa dentro del programa de esta edici\u00f3n.<\/p>\n\n\n\n<p>\u201cMuchas gracias por el apoyo, tenemos casa llena, gracias por el cari\u00f1o y van a tener Yandel por largo rato\u201d, expres\u00f3 el cantante al p\u00fablico de la Fiestas del Pitic, quien tuvo como invitado sorpresa a su hermano Gadiel.<\/p>\n\n\n\n<p>Quien tambi\u00e9n form\u00f3 parte del d\u00fao Wisin &amp; Yandel interpret\u00f3 \u00e9xitos como &#8220;Mayor que yo&#8221;, &#8220;Perm\u00edtame&#8221;, &#8220;Como antes&#8221;, &#8220;Tu cuerpo a m\u00ed me provoca&#8221;, &#8220;Paleta&#8221;, &#8220;El Tel\u00e9fono&#8221;, &#8220;Ahora es&#8221;, &#8220;Bailando la toqu\u00e9&#8221;, &#8220;Nunca me olvides&#8221;, &#8220;Noche de Travesura&#8221;, &#8220;Ay mi Dios&#8221;, &#8220;El que te puso a bellaquiar&#8221;, &#8220;Nuestro amor de acab\u00f3&#8221;, entre muchas m\u00e1s.<\/p>\n\n\n\n<p>El p\u00fablico se encendi\u00f3 a\u00fan m\u00e1s cuando tambi\u00e9n cant\u00f3 &#8220;Abusadora&#8221;, as\u00ed como los temas &#8220;No me dejes solo&#8221;, que canta con Daddy Yankee; de igual manera con Moviendo cadera, &#8220;Rakata&#8221; y &#8220;Algo me gusta de ti&#8221;.<\/p>\n\n\n\n<p>El s\u00e1bado 25 de mayo, los conciertos en los escenarios principales estar\u00e1n a cargo de la cantautora puertorrique\u00f1a Kany Garc\u00eda, a las 22:00 horas en la Plaza Alonso Vidal; adem\u00e1s, en la Plaza Bicentenario estar\u00e1 el argentino Plabo Ahmad, a las 19:00 horas; y Maritza Montero y la Falsa Orquesta Cubana, a las 21:00&nbsp; horas.<\/p>\n\n\n\n<p>El programa completo se puede consultar en la p\u00e1gina https:\/\/fiestasdelpitic.hermosillo.gob.mx\/.<\/p>\n","protected":false},"excerpt":{"rendered":"<p>El puertorrique\u00f1o llev\u00f3 un gran ambiente al foro principal en el cierre del segundo d\u00eda de la celebraci\u00f3n que continuar\u00e1 hasta el domingo 26 de mayo Hermosillo, Sonora; 24 de mayo, 2024.- La presentaci\u00f3n estelar del segundo d\u00eda de Fiestas del Pitic 2024 fue el puertorrique\u00f1o Yandel, quien puso a bailar a ritmo de reguet\u00f3n, [&hellip;]<\/p>\n","protected":false},"author":1,"featured_media":12609,"comment_status":"open","ping_status":"open","sticky":false,"template":"","format":"standard","meta":{"content-type":"","footnotes":""},"categories":[116],"tags":[],"class_list":{"0":"post-12608","1":"post","2":"type-post","3":"status-publish","4":"format-standard","5":"has-post-thumbnail","7":"category-entretenimiento"},"_links":{"self":[{"href":"https:\/\/www.regioncuatronoticias.com\/index.php\/wp-json\/wp\/v2\/posts\/12608","targetHints":{"allow":["GET"]}}],"collection":[{"href":"https:\/\/www.regioncuatronoticias.com\/index.php\/wp-json\/wp\/v2\/posts"}],"about":[{"href":"https:\/\/www.regioncuatronoticias.com\/index.php\/wp-json\/wp\/v2\/types\/post"}],"author":[{"embeddable":true,"href":"https:\/\/www.regioncuatronoticias.com\/index.php\/wp-json\/wp\/v2\/users\/1"}],"replies":[{"embeddable":true,"href":"https:\/\/www.regioncuatronoticias.com\/index.php\/wp-json\/wp\/v2\/comments?post=12608"}],"version-history":[{"count":1,"href":"https:\/\/www.regioncuatronoticias.com\/index.php\/wp-json\/wp\/v2\/posts\/12608\/revisions"}],"predecessor-version":[{"id":12610,"href":"https:\/\/www.regioncuatronoticias.com\/index.php\/wp-json\/wp\/v2\/posts\/12608\/revisions\/12610"}],"wp:featuredmedia":[{"embeddable":true,"href":"https:\/\/www.regioncuatronoticias.com\/index.php\/wp-json\/wp\/v2\/media\/12609"}],"wp:attachment":[{"href":"https:\/\/www.regioncuatronoticias.com\/index.php\/wp-json\/wp\/v2\/media?parent=12608"}],"wp:term":[{"taxonomy":"category","embeddable":true,"href":"https:\/\/www.regioncuatronoticias.com\/index.php\/wp-json\/wp\/v2\/categories?post=12608"},{"taxonomy":"post_tag","embeddable":true,"href":"https:\/\/www.regioncuatronoticias.com\/index.php\/wp-json\/wp\/v2\/tags?post=12608"}],"curies":[{"name":"wp","href":"https:\/\/api.w.org\/{rel}","templated":true}]}}