{"id":12605,"date":"2024-05-26T17:35:49","date_gmt":"2024-05-27T00:35:49","guid":{"rendered":"https:\/\/www.regioncuatronoticias.com\/?p=12605"},"modified":"2024-05-26T17:35:51","modified_gmt":"2024-05-27T00:35:51","slug":"como-las-mas-grandes-engalano-eugenia-leon-las-fiestas-del-pitic-2024","status":"publish","type":"post","link":"https:\/\/www.regioncuatronoticias.com\/index.php\/2024\/05\/26\/como-las-mas-grandes-engalano-eugenia-leon-las-fiestas-del-pitic-2024\/","title":{"rendered":"Como las m\u00e1s grandes, engalan\u00f3 Eugenia Le\u00f3n las Fiestas del Pitic 2024"},"content":{"rendered":"\n<p><strong>El escenario de la plaza Alonso Vidal se llen\u00f3 con el talento de la cantante mexicana, quien cerr\u00f3 con broche de oro del segundo d\u00eda de la festividad<\/strong><\/p>\n\n\n\n<p>Hermosillo, Sonora; 24 de mayo 2024.- La Cantante mexicana Eugenia Le\u00f3n lleg\u00f3 a Hermosillo y engalan\u00f3 la noche del viernes el escenario de la Plaza Alonso Vidal, como parte del repertorio de presentaciones musicales que el Gobierno Municipal organiz\u00f3 para celebrar el 324 aniversario de la fundaci\u00f3n de la ciudad.<\/p>\n\n\n\n<p>Su concierto gratuito en el marco de las Fiestas del Pitic 2024 llen\u00f3 de buena m\u00fasica y calidad interpretativa el segundo d\u00eda de este importante festival que atrae a diferentes sedes a miles de hermosillenses y visitantes.<\/p>\n\n\n\n<p>Elegantemente vestida de negro, la int\u00e9rprete originaria del Estado de M\u00e9xico ofreci\u00f3 en la capital sonorense un testimonio de talento consolidado en 50 a\u00f1os de trayectoria art\u00edstica, logrando para todas las personas asistentes una velada digna de recordar que inici\u00f3 interpretando el tema \u201cCoraz\u00f3n de Ma\u00edz\u201d.<\/p>\n\n\n\n<p>Eugenia Le\u00f3n ha enriquecido con su voz y desde diversos g\u00e9neros musicales temas de grandes compositores como Jos\u00e9 Alfredo Jim\u00e9nez, Joan Manuel Serrat, Fito P\u00e1ez, David Haro, Guillermo Brise\u00f1o, Marcial Alejandro, Francisco Gabilondo Soler, Liliana Felipe y Mar\u00eda Grever.<\/p>\n\n\n\n<p>Poseedora de una entrenada y matizada voz, una amplia experiencia en escenarios y el acompa\u00f1amiento de talentosos m\u00fasicos, Eugenia Le\u00f3n confirm\u00f3 en su concierto del viernes en la plaza Alonso Vidal el por qu\u00e9 se gan\u00f3 un lugar en el&nbsp; programa de las Fiestas del Pitic 2024.<\/p>\n","protected":false},"excerpt":{"rendered":"<p>El escenario de la plaza Alonso Vidal se llen\u00f3 con el talento de la cantante mexicana, quien cerr\u00f3 con broche de oro del segundo d\u00eda de la festividad Hermosillo, Sonora; 24 de mayo 2024.- La Cantante mexicana Eugenia Le\u00f3n lleg\u00f3 a Hermosillo y engalan\u00f3 la noche del viernes el escenario de la Plaza Alonso Vidal, [&hellip;]<\/p>\n","protected":false},"author":1,"featured_media":12606,"comment_status":"open","ping_status":"open","sticky":false,"template":"","format":"standard","meta":{"content-type":"","footnotes":""},"categories":[116],"tags":[],"class_list":{"0":"post-12605","1":"post","2":"type-post","3":"status-publish","4":"format-standard","5":"has-post-thumbnail","7":"category-entretenimiento"},"_links":{"self":[{"href":"https:\/\/www.regioncuatronoticias.com\/index.php\/wp-json\/wp\/v2\/posts\/12605","targetHints":{"allow":["GET"]}}],"collection":[{"href":"https:\/\/www.regioncuatronoticias.com\/index.php\/wp-json\/wp\/v2\/posts"}],"about":[{"href":"https:\/\/www.regioncuatronoticias.com\/index.php\/wp-json\/wp\/v2\/types\/post"}],"author":[{"embeddable":true,"href":"https:\/\/www.regioncuatronoticias.com\/index.php\/wp-json\/wp\/v2\/users\/1"}],"replies":[{"embeddable":true,"href":"https:\/\/www.regioncuatronoticias.com\/index.php\/wp-json\/wp\/v2\/comments?post=12605"}],"version-history":[{"count":1,"href":"https:\/\/www.regioncuatronoticias.com\/index.php\/wp-json\/wp\/v2\/posts\/12605\/revisions"}],"predecessor-version":[{"id":12607,"href":"https:\/\/www.regioncuatronoticias.com\/index.php\/wp-json\/wp\/v2\/posts\/12605\/revisions\/12607"}],"wp:featuredmedia":[{"embeddable":true,"href":"https:\/\/www.regioncuatronoticias.com\/index.php\/wp-json\/wp\/v2\/media\/12606"}],"wp:attachment":[{"href":"https:\/\/www.regioncuatronoticias.com\/index.php\/wp-json\/wp\/v2\/media?parent=12605"}],"wp:term":[{"taxonomy":"category","embeddable":true,"href":"https:\/\/www.regioncuatronoticias.com\/index.php\/wp-json\/wp\/v2\/categories?post=12605"},{"taxonomy":"post_tag","embeddable":true,"href":"https:\/\/www.regioncuatronoticias.com\/index.php\/wp-json\/wp\/v2\/tags?post=12605"}],"curies":[{"name":"wp","href":"https:\/\/api.w.org\/{rel}","templated":true}]}}