{"id":12602,"date":"2024-05-26T17:31:24","date_gmt":"2024-05-27T00:31:24","guid":{"rendered":"https:\/\/www.regioncuatronoticias.com\/?p=12602"},"modified":"2024-05-26T17:31:26","modified_gmt":"2024-05-27T00:31:26","slug":"en-estas-fiestas-del-pitic-2024-triunfa-de-nuevo-miranda-en-hermosillo","status":"publish","type":"post","link":"https:\/\/www.regioncuatronoticias.com\/index.php\/2024\/05\/26\/en-estas-fiestas-del-pitic-2024-triunfa-de-nuevo-miranda-en-hermosillo\/","title":{"rendered":"En estas Fiestas del Pitic 2024, triunfa de nuevo Miranda en Hermosillo"},"content":{"rendered":"\n<p><strong>El dueto pis\u00f3 por segunda ocasi\u00f3n suelo hermosillense y dejo un buen sabor de boca entre los asisten al Foro Bicentenario<\/strong><\/p>\n\n\n\n<p>Hermosillo, Sonora; 24 de mayo,&nbsp; 2024.-&nbsp; El d\u00fao musical argentino Miranda! conformado por Alejandro Sergi y Juliana Gattas deleit\u00f3 a sus seguidores, durante su presentaci\u00f3n en esta vig\u00e9sima segunda edici\u00f3n de las Fiestas del Pitic.<\/p>\n\n\n\n<p>Fue el 23 de marzo del 2023 que el dueto pis\u00f3 por primera vez suelo sonorense y desde entonces sus fans esperaban ansiosos su regreso, por lo que desde temprana hora se dieron cita a la Plaza Bicentenario para ocupar los mejores lugares y as\u00ed disfrutar del show que prepararon para los hermosillenses.<\/p>\n\n\n\n<p>Con el estilo que los caracteriza, ataviados con un atuendo negro y con el tema &#8220;Ya lo sab\u00eda&#8221; inici\u00f3 el espect\u00e1culo.<\/p>\n\n\n\n<p>La agrupaci\u00f3n fue formada a mediado del 2001 y su nombre es un homenaje al actor argentino Osvaldo Miranda y ya cuentan con trece \u00e1lbumes de estudio y seis discos en vivo.<\/p>\n","protected":false},"excerpt":{"rendered":"<p>El dueto pis\u00f3 por segunda ocasi\u00f3n suelo hermosillense y dejo un buen sabor de boca entre los asisten al Foro Bicentenario Hermosillo, Sonora; 24 de mayo,&nbsp; 2024.-&nbsp; El d\u00fao musical argentino Miranda! conformado por Alejandro Sergi y Juliana Gattas deleit\u00f3 a sus seguidores, durante su presentaci\u00f3n en esta vig\u00e9sima segunda edici\u00f3n de las Fiestas del [&hellip;]<\/p>\n","protected":false},"author":1,"featured_media":12603,"comment_status":"open","ping_status":"open","sticky":false,"template":"","format":"standard","meta":{"content-type":"","footnotes":""},"categories":[116],"tags":[],"class_list":{"0":"post-12602","1":"post","2":"type-post","3":"status-publish","4":"format-standard","5":"has-post-thumbnail","7":"category-entretenimiento"},"_links":{"self":[{"href":"https:\/\/www.regioncuatronoticias.com\/index.php\/wp-json\/wp\/v2\/posts\/12602","targetHints":{"allow":["GET"]}}],"collection":[{"href":"https:\/\/www.regioncuatronoticias.com\/index.php\/wp-json\/wp\/v2\/posts"}],"about":[{"href":"https:\/\/www.regioncuatronoticias.com\/index.php\/wp-json\/wp\/v2\/types\/post"}],"author":[{"embeddable":true,"href":"https:\/\/www.regioncuatronoticias.com\/index.php\/wp-json\/wp\/v2\/users\/1"}],"replies":[{"embeddable":true,"href":"https:\/\/www.regioncuatronoticias.com\/index.php\/wp-json\/wp\/v2\/comments?post=12602"}],"version-history":[{"count":1,"href":"https:\/\/www.regioncuatronoticias.com\/index.php\/wp-json\/wp\/v2\/posts\/12602\/revisions"}],"predecessor-version":[{"id":12604,"href":"https:\/\/www.regioncuatronoticias.com\/index.php\/wp-json\/wp\/v2\/posts\/12602\/revisions\/12604"}],"wp:featuredmedia":[{"embeddable":true,"href":"https:\/\/www.regioncuatronoticias.com\/index.php\/wp-json\/wp\/v2\/media\/12603"}],"wp:attachment":[{"href":"https:\/\/www.regioncuatronoticias.com\/index.php\/wp-json\/wp\/v2\/media?parent=12602"}],"wp:term":[{"taxonomy":"category","embeddable":true,"href":"https:\/\/www.regioncuatronoticias.com\/index.php\/wp-json\/wp\/v2\/categories?post=12602"},{"taxonomy":"post_tag","embeddable":true,"href":"https:\/\/www.regioncuatronoticias.com\/index.php\/wp-json\/wp\/v2\/tags?post=12602"}],"curies":[{"name":"wp","href":"https:\/\/api.w.org\/{rel}","templated":true}]}}