{"id":12599,"date":"2024-05-26T17:25:27","date_gmt":"2024-05-27T00:25:27","guid":{"rendered":"https:\/\/www.regioncuatronoticias.com\/?p=12599"},"modified":"2024-05-26T17:25:31","modified_gmt":"2024-05-27T00:25:31","slug":"llena-dueto-mexicanto-con-su-estilo-inconfundible-plaza-alonso-vidal","status":"publish","type":"post","link":"https:\/\/www.regioncuatronoticias.com\/index.php\/2024\/05\/26\/llena-dueto-mexicanto-con-su-estilo-inconfundible-plaza-alonso-vidal\/","title":{"rendered":"Llena Dueto Mexicanto con su estilo inconfundible Plaza Alonso Vidal"},"content":{"rendered":"\n<p><strong>Los cantautores David Filio y Sergio F\u00e9lix matizaron la segunda noche de Fiestas del Pitic 2024 con la propuesta art\u00edstica que los define<\/strong><\/p>\n\n\n\n<p>Hermosillo, Sonora; 24 de mayo, 2024.- Equipados con sus respectivas guitarras, los integrantes del dueto Mexicanto, David Filio y Sergio F\u00e9lix,&nbsp; deleitaron a quienes se dieron cita el viernes 24 de mayo ante el escenario de la Plaza Alonso Vidal, en el segundo d\u00eda de actividades de las Fiestas del Pitic 2024.<\/p>\n\n\n\n<p>El encuentro de hermosillenses y visitantes con ambos representantes de la moderna trova mexicana se rode\u00f3 de un ambiente de nostalgia, romanticismo, sensibilidad y fuerza creativa, todo lo cual forma parte de las experiencias vivenciales de esta festividad hermosillense por excelencia.<\/p>\n\n\n\n<p>Su presentaci\u00f3n en uno de los m\u00e1s importantes foros de la ciudad confirm\u00f3 la vigencia de la propuesta art\u00edstica que Mexicanto ha venido consolidando desde sus primeras apariciones ante el p\u00fablico en la d\u00e9cada de los 80\u00b4s hasta la actualidad.<\/p>\n\n\n\n<p>Las y los asistentes al concierto del viernes atestiguaron el talento y compromiso con su propuesta de David Filio y Sergio F\u00e9lix y lo aprovecharon como ocasi\u00f3n de reencuentro con el sentimiento hecho m\u00fasica.<\/p>\n\n\n\n<p>Los artistas establecieron desde los primeros acordes de sus guitarras una c\u00e1lida complicidad con el p\u00fablico al interpretar el tema \u201cBienvenidos\u201d y la fortalecieron en el transcurso de la velada complaciendo temas solicitados por varias de las personas asistentes.<\/p>\n\n\n\n<p>La velada estelarizada por Mexicanto ratific\u00f3 a las Fiestas del Pitic de este a\u00f1o como ocasi\u00f3n de reencuentro con el arte, la cultura, el esparcimiento y la convivencia familiar.<\/p>\n\n\n\n<p>En el link https:\/\/fiestasdelpitic.hermosillo.gob.mx\/ se puede consultar el programa completo de la celebraci\u00f3n del 324 aniversario de la fundaci\u00f3n de Hermosillo, la cual concluye el pr\u00f3ximo domingo 26 de mayo.<\/p>\n","protected":false},"excerpt":{"rendered":"<p>Los cantautores David Filio y Sergio F\u00e9lix matizaron la segunda noche de Fiestas del Pitic 2024 con la propuesta art\u00edstica que los define Hermosillo, Sonora; 24 de mayo, 2024.- Equipados con sus respectivas guitarras, los integrantes del dueto Mexicanto, David Filio y Sergio F\u00e9lix,&nbsp; deleitaron a quienes se dieron cita el viernes 24 de mayo [&hellip;]<\/p>\n","protected":false},"author":1,"featured_media":12600,"comment_status":"open","ping_status":"open","sticky":false,"template":"","format":"standard","meta":{"content-type":"","footnotes":""},"categories":[112,116],"tags":[],"class_list":{"0":"post-12599","1":"post","2":"type-post","3":"status-publish","4":"format-standard","5":"has-post-thumbnail","7":"category-cultura","8":"category-entretenimiento"},"_links":{"self":[{"href":"https:\/\/www.regioncuatronoticias.com\/index.php\/wp-json\/wp\/v2\/posts\/12599","targetHints":{"allow":["GET"]}}],"collection":[{"href":"https:\/\/www.regioncuatronoticias.com\/index.php\/wp-json\/wp\/v2\/posts"}],"about":[{"href":"https:\/\/www.regioncuatronoticias.com\/index.php\/wp-json\/wp\/v2\/types\/post"}],"author":[{"embeddable":true,"href":"https:\/\/www.regioncuatronoticias.com\/index.php\/wp-json\/wp\/v2\/users\/1"}],"replies":[{"embeddable":true,"href":"https:\/\/www.regioncuatronoticias.com\/index.php\/wp-json\/wp\/v2\/comments?post=12599"}],"version-history":[{"count":1,"href":"https:\/\/www.regioncuatronoticias.com\/index.php\/wp-json\/wp\/v2\/posts\/12599\/revisions"}],"predecessor-version":[{"id":12601,"href":"https:\/\/www.regioncuatronoticias.com\/index.php\/wp-json\/wp\/v2\/posts\/12599\/revisions\/12601"}],"wp:featuredmedia":[{"embeddable":true,"href":"https:\/\/www.regioncuatronoticias.com\/index.php\/wp-json\/wp\/v2\/media\/12600"}],"wp:attachment":[{"href":"https:\/\/www.regioncuatronoticias.com\/index.php\/wp-json\/wp\/v2\/media?parent=12599"}],"wp:term":[{"taxonomy":"category","embeddable":true,"href":"https:\/\/www.regioncuatronoticias.com\/index.php\/wp-json\/wp\/v2\/categories?post=12599"},{"taxonomy":"post_tag","embeddable":true,"href":"https:\/\/www.regioncuatronoticias.com\/index.php\/wp-json\/wp\/v2\/tags?post=12599"}],"curies":[{"name":"wp","href":"https:\/\/api.w.org\/{rel}","templated":true}]}}