{"id":12595,"date":"2024-05-26T17:20:13","date_gmt":"2024-05-27T00:20:13","guid":{"rendered":"https:\/\/www.regioncuatronoticias.com\/?p=12595"},"modified":"2024-05-26T17:23:40","modified_gmt":"2024-05-27T00:23:40","slug":"el-tenor-jesus-leon-recibe-medalla-emiliana-de-zubeldia","status":"publish","type":"post","link":"https:\/\/www.regioncuatronoticias.com\/index.php\/2024\/05\/26\/el-tenor-jesus-leon-recibe-medalla-emiliana-de-zubeldia\/","title":{"rendered":"El tenor Jes\u00fas Le\u00f3n recibe medalla Emiliana de Zubeld\u00eda"},"content":{"rendered":"\n<p><strong>Por su destacada trayectoria, el int\u00e9rprete originario de Hermosillo fue homenajeado en las Fiestas del Pitic 2024<\/strong><\/p>\n\n\n\n<p>Hermosillo, Sonora; 24 de mayo, 2024.- En las Fiestas del Pitic 2024, \u201cOrgullo que nos une\u201d, recibi\u00f3 un merecido homenaje el tenor hermosillense Jes\u00fas Le\u00f3n, quien recibi\u00f3 por autoridades del Ayuntamiento de Hermosillo la Medalla Emiliana de Zubeld\u00eda por su brillante trayectoria art\u00edstica en el g\u00e9nero oper\u00edstico internacional.<\/p>\n\n\n\n<p>El Palacio de Gobierno fue el marco para realizar la ceremonia de entrega del galard\u00f3n al reconocido tenor, quien ofreci\u00f3 un concierto acompa\u00f1ado por la Orquesta Filarm\u00f3nica de Sonora.<\/p>\n\n\n\n<p>La Medalla Emiliana de Zubeld\u00eda es otorgada por el Ayuntamiento de Hermosillo, a trav\u00e9s del Instituto Municipal de Cultura y Arte y la Fundaci\u00f3n Emiliana de Zubeld\u00eda Inda A. C. con el objetivo de reconocer a artistas y promotores de la obra de la compositora y maestra de origen vasco Emiliana de Zubeld\u00eda Inda, quien lleg\u00f3 a Sonora en 1947 por invitaci\u00f3n de la Universidad de Sonora para dirigir la Academia de M\u00fasica.&nbsp;<\/p>\n\n\n\n<p>Jes\u00fas Le\u00f3n estudi\u00f3 canto en el Opera Studio de la Universidad de California en Los \u00c1ngeles, posteriormente en la Georg Solti Accademia di Bel Canto y el Boston Opera Institute; y fue miembro del Domingo-Thornton Young Artists Program en la \u00d3pera de Los \u00c1ngeles. Beneficiario de la Beca Mirella Freni &amp; Nicolai Ghiaurov y ganador en 2020 de la Vienna International Music Competition, Jes\u00fas Le\u00f3n ha sido invitado a colaborar con grandes compa\u00f1\u00edas l\u00edricas internacionales.<\/p>\n\n\n\n<p>Su m\u00e1s reciente proyecto discogr\u00e1fico comprende dos discos de arias de \u00f3pera, acompa\u00f1ado por la Royal Liverpool Philharmonic Orchestra. Entre sus m\u00e1s recientes presentaciones destacan sus debuts en el Th\u00e9\u00e2tre National de l&#8217;Op\u00e9ra-Comique de Par\u00eds, cantando Rom\u00e9o et Juliette (Gounod), y como Arnold en Guillaume Tell (Rossini) con la \u00d3pera Nacional de Irlanda, as\u00ed como la Messa di Gloria (Puccini) con la Royal Liverpool Philharmonic Orchestra, concierto transmitido por la BBC Radio; y en los pr\u00f3ximos meses emprender\u00e1 una extensa gira de Italian Gala Concerts con la Orquesta Sinf\u00f3nica de M\u00fanich. A lo largo de su carrera, ha sido protagonista de numerosas \u00f3peras en importantes teatros de Europa, Norteam\u00e9rica y Asia.<\/p>\n\n\n\n<p>Adem\u00e1s, se ha presentado con frecuencia en las m\u00e1s prestigiadas salas de conciertos de Gran Breta\u00f1a, como el Royal Albert Hall, Birmingham Symphony Hall, Barbican Hall, Wigmore Hall, con la Royal Philharmonic Orchestra de Londres (Novena sinfon\u00eda de Beethoven, Classical Gala Concerts) y con la Royal Liverpool Philharmonic Orchestra (conciertos de Navidad y A\u00f1o Nuevo). Con la Orchestra Sinfonica di Milano &#8220;Giuseppe Verdi&#8221;, cant\u00f3 la Messa da Requiem de Verdi as\u00ed como el Requiem de Mozart.<\/p>\n","protected":false},"excerpt":{"rendered":"<p>Por su destacada trayectoria, el int\u00e9rprete originario de Hermosillo fue homenajeado en las Fiestas del Pitic 2024 Hermosillo, Sonora; 24 de mayo, 2024.- En las Fiestas del Pitic 2024, \u201cOrgullo que nos une\u201d, recibi\u00f3 un merecido homenaje el tenor hermosillense Jes\u00fas Le\u00f3n, quien recibi\u00f3 por autoridades del Ayuntamiento de Hermosillo la Medalla Emiliana de Zubeld\u00eda [&hellip;]<\/p>\n","protected":false},"author":1,"featured_media":12596,"comment_status":"open","ping_status":"open","sticky":false,"template":"","format":"standard","meta":{"content-type":"","footnotes":""},"categories":[112,116],"tags":[],"class_list":{"0":"post-12595","1":"post","2":"type-post","3":"status-publish","4":"format-standard","5":"has-post-thumbnail","7":"category-cultura","8":"category-entretenimiento"},"_links":{"self":[{"href":"https:\/\/www.regioncuatronoticias.com\/index.php\/wp-json\/wp\/v2\/posts\/12595","targetHints":{"allow":["GET"]}}],"collection":[{"href":"https:\/\/www.regioncuatronoticias.com\/index.php\/wp-json\/wp\/v2\/posts"}],"about":[{"href":"https:\/\/www.regioncuatronoticias.com\/index.php\/wp-json\/wp\/v2\/types\/post"}],"author":[{"embeddable":true,"href":"https:\/\/www.regioncuatronoticias.com\/index.php\/wp-json\/wp\/v2\/users\/1"}],"replies":[{"embeddable":true,"href":"https:\/\/www.regioncuatronoticias.com\/index.php\/wp-json\/wp\/v2\/comments?post=12595"}],"version-history":[{"count":2,"href":"https:\/\/www.regioncuatronoticias.com\/index.php\/wp-json\/wp\/v2\/posts\/12595\/revisions"}],"predecessor-version":[{"id":12598,"href":"https:\/\/www.regioncuatronoticias.com\/index.php\/wp-json\/wp\/v2\/posts\/12595\/revisions\/12598"}],"wp:featuredmedia":[{"embeddable":true,"href":"https:\/\/www.regioncuatronoticias.com\/index.php\/wp-json\/wp\/v2\/media\/12596"}],"wp:attachment":[{"href":"https:\/\/www.regioncuatronoticias.com\/index.php\/wp-json\/wp\/v2\/media?parent=12595"}],"wp:term":[{"taxonomy":"category","embeddable":true,"href":"https:\/\/www.regioncuatronoticias.com\/index.php\/wp-json\/wp\/v2\/categories?post=12595"},{"taxonomy":"post_tag","embeddable":true,"href":"https:\/\/www.regioncuatronoticias.com\/index.php\/wp-json\/wp\/v2\/tags?post=12595"}],"curies":[{"name":"wp","href":"https:\/\/api.w.org\/{rel}","templated":true}]}}