{"id":12592,"date":"2024-05-26T17:14:42","date_gmt":"2024-05-27T00:14:42","guid":{"rendered":"https:\/\/www.regioncuatronoticias.com\/?p=12592"},"modified":"2024-05-26T17:14:44","modified_gmt":"2024-05-27T00:14:44","slug":"rinden-homenaje-al-artista-plastico-gustavo-ozuna-en-la-ruta-del-arte-de-las-fiestas-del-pitic","status":"publish","type":"post","link":"https:\/\/www.regioncuatronoticias.com\/index.php\/2024\/05\/26\/rinden-homenaje-al-artista-plastico-gustavo-ozuna-en-la-ruta-del-arte-de-las-fiestas-del-pitic\/","title":{"rendered":"Rinden homenaje al artista pl\u00e1stico Gustavo Ozuna en la Ruta del Arte de las Fiestas del Pitic"},"content":{"rendered":"\n<p><strong>Con el tradicional corte de list\u00f3n por parte de las autoridades del Ayuntamiento de Hermosillo inici\u00f3 la exposici\u00f3n de pinturas con diversas t\u00e9cnicas en el Colegio de Sonora<\/strong><\/p>\n\n\n\n<p>Hermosillo, Sonora; 24 de mayo, 2024.- Un homenaje a sus 60 a\u00f1os de trayectoria en las artes visuales recibi\u00f3 Gustavo Ozuna Gonz\u00e1lez al inaugurarse la exposici\u00f3n \u201cDibujos y pinturas\u201d en la Ruta del Arte de las Fiestas del Pitic, Orgullo que nos une.<\/p>\n\n\n\n<p>El artista se hizo acompa\u00f1ar de su esposa, hijos, familiares y amigos, as\u00ed como de las autoridades municipales quienes llevaron a cabo el tradicional corte de list\u00f3n con el cual se dio paso a puesta, que estar\u00e1 disponible hasta el pr\u00f3ximo 21 de junio para que los hermosillenses disfruten de los lienzos.<\/p>\n\n\n\n<p>El originario de El Claro, Santa Ana, detall\u00f3 que la exposici\u00f3n est\u00e1 conformada de 40 obras plasmadas en distintas t\u00e9cnicas como: al \u00f3leo, dibujo, acr\u00edlico y acuarela, y est\u00e1n conformada por diversas piezas de colecci\u00f3n privada de varios pa\u00edses como Estados Unidos, Hait\u00ed, Canad\u00e1, Francia, Israel, Suecia, Italia y M\u00e9xico, mismas que est\u00e1n disponibles para la venta.<\/p>\n\n\n\n<p>\u201cHace 60 a\u00f1os empec\u00e9 a buscar d\u00f3nde desarrollar, inici\u00e9 en 1964 a estudiar en la Universidad de Sonora artes pl\u00e1sticas y posteriormente en la escuela nacional de pintura y escultura, y aqu\u00ed estamos 60 a\u00f1os despu\u00e9s\u201d narr\u00f3 el homenajeado.<\/p>\n\n\n\n<p>Durante el desarrollo de las Fiestas del Pitic se podr\u00e1 disfrutar de la exposici\u00f3n a partir de las 16:00 hasta las 20:00 horas, mientras que despu\u00e9s del 26 de mayo estar\u00e1 disponible de lunes a viernes de 9:00 a 21:00 horas.<\/p>\n\n\n\n<p>Asimismo, en la Sociedad Sonorense de Historia se inaugur\u00f3 la exposici\u00f3n \u201cLos edificios con historia de Hermosillo de Fernando Salda\u00f1a y la exposici\u00f3n inmersiva Video Mapping \u201cPasi\u00f3n y Raz\u00f3n\u201d de Fernando Robles en el Foro Quinta de Anza.<\/p>\n\n\n\n<p>HOMBRES G<\/p>\n\n\n\n<p>La banda Hombres G abren con \u00e9xito total las Fiestas del Pitic 2024<\/p>\n\n\n\n<p><strong>Con un gran concierto estelar del primer d\u00eda de la celebraci\u00f3n de Hermosillo, miles de personas de todas las edades cantaron y bailaron los \u00e9xitos de la legendaria banda espa\u00f1ola de rock pop<\/strong><\/p>\n\n\n\n<p>Hermosillo, Sonora; 23 de mayo, 2024.- Miles de personas se dieron cita al gran inicio de las Fiestas del Pitic 2024 que fue estelarizado por un emocionante concierto a cargo de la legendaria banda espa\u00f1ola Hombres G, que ofreci\u00f3 un recuento de temas de su exitosa trayectoria art\u00edstica, en una de las dos presentaciones que tendr\u00e1n este a\u00f1o en M\u00e9xico.<\/p>\n\n\n\n<p>El Foro Pino Su\u00e1rez fue testigo del entusiasmo, alegr\u00eda, diversi\u00f3n y nostalgia que contagiaron los espa\u00f1oles David Summers, Rafa Guti\u00e9rrez, Javier Molina y Daniel M\u00e9zquita, quienes expresaron su alegr\u00eda por participar en la celebraci\u00f3n de Hermosillo, al tocar y sus grandes \u00e9xitos en todo lo largo de su carrera, que empez\u00f3 hace m\u00e1s de 42 a\u00f1os.<\/p>\n\n\n\n<p>El escenario vibr\u00f3 al ritmo de las canciones que han distinguido al grupo, como con Marta tiene un marca pasos, Devu\u00e9lveme a mi chica, Venezia, Visite nuestro bar, El ataque de las chicas cocodrilo, Su\u00e9ltate el pelo, Voy a pas\u00e1rmelo bien, que fue con la que iniciaron e hicieron que personas de todas las edades bailaran y cantar\u00e1n.<\/p>\n\n\n\n<p>Tambi\u00e9n, los presentes corearon las canciones rom\u00e1nticas que marcaron para muchos alguna etapa importante de su vida, como Un par de palabras, Te quiero, No te puedo besar, Temblando, Un minuto nada m\u00e1s, Lo noto, entre algunas m\u00e1s.<\/p>\n\n\n\n<p>La presentaci\u00f3n estelar de este viernes 24 de mayo ser\u00e1 por parte del puertorrique\u00f1o Yandel, a las 22:00 horas en el Foro Pino Su\u00e1rez; de los argentinos del d\u00fao Miranda, a las 21:00 horas en la Plaza Bicentenario; as\u00ed como de Eugenia Le\u00f3n, a las 22:00 horas, y Mexicanto, a las 19:00 horas, en la Plaza Alonso Vidal.<\/p>\n\n\n\n<p>El programa completo se puede consultar en la p\u00e1gina https:\/\/fiestasdelpitic.hermosillo.gob.mx\/.<\/p>\n","protected":false},"excerpt":{"rendered":"<p>Con el tradicional corte de list\u00f3n por parte de las autoridades del Ayuntamiento de Hermosillo inici\u00f3 la exposici\u00f3n de pinturas con diversas t\u00e9cnicas en el Colegio de Sonora Hermosillo, Sonora; 24 de mayo, 2024.- Un homenaje a sus 60 a\u00f1os de trayectoria en las artes visuales recibi\u00f3 Gustavo Ozuna Gonz\u00e1lez al inaugurarse la exposici\u00f3n \u201cDibujos [&hellip;]<\/p>\n","protected":false},"author":1,"featured_media":12593,"comment_status":"open","ping_status":"open","sticky":false,"template":"","format":"standard","meta":{"content-type":"","footnotes":""},"categories":[112],"tags":[],"class_list":{"0":"post-12592","1":"post","2":"type-post","3":"status-publish","4":"format-standard","5":"has-post-thumbnail","7":"category-cultura"},"_links":{"self":[{"href":"https:\/\/www.regioncuatronoticias.com\/index.php\/wp-json\/wp\/v2\/posts\/12592","targetHints":{"allow":["GET"]}}],"collection":[{"href":"https:\/\/www.regioncuatronoticias.com\/index.php\/wp-json\/wp\/v2\/posts"}],"about":[{"href":"https:\/\/www.regioncuatronoticias.com\/index.php\/wp-json\/wp\/v2\/types\/post"}],"author":[{"embeddable":true,"href":"https:\/\/www.regioncuatronoticias.com\/index.php\/wp-json\/wp\/v2\/users\/1"}],"replies":[{"embeddable":true,"href":"https:\/\/www.regioncuatronoticias.com\/index.php\/wp-json\/wp\/v2\/comments?post=12592"}],"version-history":[{"count":1,"href":"https:\/\/www.regioncuatronoticias.com\/index.php\/wp-json\/wp\/v2\/posts\/12592\/revisions"}],"predecessor-version":[{"id":12594,"href":"https:\/\/www.regioncuatronoticias.com\/index.php\/wp-json\/wp\/v2\/posts\/12592\/revisions\/12594"}],"wp:featuredmedia":[{"embeddable":true,"href":"https:\/\/www.regioncuatronoticias.com\/index.php\/wp-json\/wp\/v2\/media\/12593"}],"wp:attachment":[{"href":"https:\/\/www.regioncuatronoticias.com\/index.php\/wp-json\/wp\/v2\/media?parent=12592"}],"wp:term":[{"taxonomy":"category","embeddable":true,"href":"https:\/\/www.regioncuatronoticias.com\/index.php\/wp-json\/wp\/v2\/categories?post=12592"},{"taxonomy":"post_tag","embeddable":true,"href":"https:\/\/www.regioncuatronoticias.com\/index.php\/wp-json\/wp\/v2\/tags?post=12592"}],"curies":[{"name":"wp","href":"https:\/\/api.w.org\/{rel}","templated":true}]}}