{"id":12436,"date":"2024-05-23T10:56:10","date_gmt":"2024-05-23T17:56:10","guid":{"rendered":"https:\/\/www.regioncuatronoticias.com\/?p=12436"},"modified":"2024-05-23T10:56:12","modified_gmt":"2024-05-23T17:56:12","slug":"sindicalizados-instalan-campamento-en-la-secretaria-de-cultura-federal","status":"publish","type":"post","link":"https:\/\/www.regioncuatronoticias.com\/index.php\/2024\/05\/23\/sindicalizados-instalan-campamento-en-la-secretaria-de-cultura-federal\/","title":{"rendered":"Sindicalizados instalan campamento en la Secretar\u00eda de Cultura federal"},"content":{"rendered":"\n<p>Ciudad de M\u00e9xico. El Sindicato Nacional Democr\u00e1tico de Trabajadores de la Secretar\u00eda de Cultura inici\u00f3 este mi\u00e9rcoles un campamento en la Secretar\u00eda de Cultura (SC) federal, como medida ante no haber recibido resoluci\u00f3n en demandas del orden laboral y de derechos humanos.<\/p>\n\n\n\n<p>Este d\u00eda impiden el acceso al Palacio de Bellas Artes con la consigna de lograr resolver sus demandas.<\/p>\n\n\n\n<p>La organizaci\u00f3n gremial difundi\u00f3 en un comunicado que sus demandas involucran a los institutos nacional de Bellas Artes y Literatura, Antropolog\u00eda e Historia y de Derechos de Autor, a Radio Educaci\u00f3n, Centro Nacional de las Artes y las direcciones generales de Bibliotecas, de Culturas Populares, Ind\u00edgenas y Urbanas, de Sitios y Monumentos del Patrimonio Cultural.<\/p>\n\n\n\n<p>El martes pasado los sindicalizados cerraron el edificio de la SC ubicado en Paseo de la Reforma 175, en protesta por la falta de soluci\u00f3n a diversas demandas que presentaron con anterioridad, como presupuesto insuficiente, falta de cumplimiento en prestaciones y de aumento salarial.<\/p>\n","protected":false},"excerpt":{"rendered":"<p>Ciudad de M\u00e9xico. El Sindicato Nacional Democr\u00e1tico de Trabajadores de la Secretar\u00eda de Cultura inici\u00f3 este mi\u00e9rcoles un campamento en la Secretar\u00eda de Cultura (SC) federal, como medida ante no haber recibido resoluci\u00f3n en demandas del orden laboral y de derechos humanos. Este d\u00eda impiden el acceso al Palacio de Bellas Artes con la consigna [&hellip;]<\/p>\n","protected":false},"author":1,"featured_media":12437,"comment_status":"open","ping_status":"open","sticky":false,"template":"","format":"standard","meta":{"content-type":"","footnotes":""},"categories":[112],"tags":[],"class_list":{"0":"post-12436","1":"post","2":"type-post","3":"status-publish","4":"format-standard","5":"has-post-thumbnail","7":"category-cultura"},"_links":{"self":[{"href":"https:\/\/www.regioncuatronoticias.com\/index.php\/wp-json\/wp\/v2\/posts\/12436","targetHints":{"allow":["GET"]}}],"collection":[{"href":"https:\/\/www.regioncuatronoticias.com\/index.php\/wp-json\/wp\/v2\/posts"}],"about":[{"href":"https:\/\/www.regioncuatronoticias.com\/index.php\/wp-json\/wp\/v2\/types\/post"}],"author":[{"embeddable":true,"href":"https:\/\/www.regioncuatronoticias.com\/index.php\/wp-json\/wp\/v2\/users\/1"}],"replies":[{"embeddable":true,"href":"https:\/\/www.regioncuatronoticias.com\/index.php\/wp-json\/wp\/v2\/comments?post=12436"}],"version-history":[{"count":1,"href":"https:\/\/www.regioncuatronoticias.com\/index.php\/wp-json\/wp\/v2\/posts\/12436\/revisions"}],"predecessor-version":[{"id":12438,"href":"https:\/\/www.regioncuatronoticias.com\/index.php\/wp-json\/wp\/v2\/posts\/12436\/revisions\/12438"}],"wp:featuredmedia":[{"embeddable":true,"href":"https:\/\/www.regioncuatronoticias.com\/index.php\/wp-json\/wp\/v2\/media\/12437"}],"wp:attachment":[{"href":"https:\/\/www.regioncuatronoticias.com\/index.php\/wp-json\/wp\/v2\/media?parent=12436"}],"wp:term":[{"taxonomy":"category","embeddable":true,"href":"https:\/\/www.regioncuatronoticias.com\/index.php\/wp-json\/wp\/v2\/categories?post=12436"},{"taxonomy":"post_tag","embeddable":true,"href":"https:\/\/www.regioncuatronoticias.com\/index.php\/wp-json\/wp\/v2\/tags?post=12436"}],"curies":[{"name":"wp","href":"https:\/\/api.w.org\/{rel}","templated":true}]}}