{"id":12433,"date":"2024-05-23T10:55:20","date_gmt":"2024-05-23T17:55:20","guid":{"rendered":"https:\/\/www.regioncuatronoticias.com\/?p=12433"},"modified":"2024-05-23T10:55:22","modified_gmt":"2024-05-23T17:55:22","slug":"programa-del-cuarteto-attacca-amalgama-ideas-de-beethoven-glass-y-caroline-shaw","status":"publish","type":"post","link":"https:\/\/www.regioncuatronoticias.com\/index.php\/2024\/05\/23\/programa-del-cuarteto-attacca-amalgama-ideas-de-beethoven-glass-y-caroline-shaw\/","title":{"rendered":"Programa del Cuarteto Attacca amalgama ideas de Beethoven, Glass y Caroline Shaw"},"content":{"rendered":"\n<p>La escucha activa es una herramienta medular en la m\u00fasica, sobre todo en la de c\u00e1mara, asegura Nathan Schram, integrante del Cuarteto Attacca, ensamble estadunidense que a casi 10 a\u00f1os de su primera presentaci\u00f3n en M\u00e9xico, vuelve al pa\u00eds para ofrecer un concierto y una clase magistral en el Centro Cultural Universitario (CCU) de la m\u00e1xima casa de estudios.<\/p>\n\n\n\n<p>En entrevista con La Jornada, el violista explic\u00f3 que en la m\u00fasica de c\u00e1mara o de cualquier tipo siempre es importante la escucha activa, tanto en lo individual como en el grupo, aunque es m\u00e1s dif\u00edcil de lo que se piensa, porque cada m\u00fasico est\u00e1 concentrado en su interpretaci\u00f3n.<\/p>\n\n\n\n<p>Las presentaciones del cuarteto de cuerdas, fundado en 2003 en Nueva York, se desarrollar\u00e1n en las salas Nezahualc\u00f3yotl y Carlos Ch\u00e1vez hoy y ma\u00f1ana, respectivamente, donde los espectadores disfrutar\u00e1n de un programa con obras de Beethoven, Philip Glass, y Caroline Shaw.<\/p>\n\n\n\n<p>En noviembre de 2015 tocamos por primera vez en M\u00e9xico, apenas comenz\u00e1bamos a dar giras y ahora que regresamos es como estar en casa nuevamente, a\u00f1adi\u00f3 Schram (California, 1987).<\/p>\n\n\n\n<p>\u201cEn esta ocasi\u00f3n, el repertorio refleja la diversidad musical de tres compositores monumentales: Ludwig van Beethoven, quien cambi\u00f3 el mundo de los cuartetos para siempre; Philip Glass, cuyo lenguaje es moderno y sencillo, y nuestra querida amiga Caroline Shaw, la artista m\u00e1s joven en ganar el Premio Pulitzer por su obra maestra Partita for Eight Voices.<\/p>\n\n\n\n<p>\u201cEl hilo conductor del programa \u2013que re\u00fane m\u00e1s de 200 a\u00f1os de historia\u2013 es la expresi\u00f3n de las ideas musicales (sin palabras), mediante la intimidad y la pureza, en combinaci\u00f3n con otro tipo de lenguaje: el de los sentimientos.<\/p>\n\n\n\n<p>\u201cPor eso nos retroalimentamos tanto de la m\u00fasica nueva como de la antigua, porque siempre hay nuevos sonidos por descubrir e interpretar. Entre mis gustos musicales tambi\u00e9n figuran el estilo electr\u00f3nico, el hip hop e incluso el alternativo, representado por bandas como Radiohead.<\/p>\n\n\n\n<p>Estamos a punto de iniciar un proyecto con un sello discogr\u00e1fico emergente; nos mantenemos en forma grabando m\u00e1s canciones. Sin embargo, algo que me fascina es que todos nosotros somos compositores, as\u00ed logramos retroalimentarnos entre las obras que escribimos con aquellas que interpretamos de otros m\u00fasicos.<\/p>\n\n\n\n<p>Integrado por Amy Schroeder y Domenic Salerni en los violines, Nathan Schram en la viola y Andrew Yee en el violonchelo, el Cuarteto Attacca es reconocido por su enfoque innovador y su capacidad de interpretar desde composiciones cl\u00e1sicas tradicionales hasta contempor\u00e1neas.<\/p>\n\n\n\n<p>La revista The Nation, especializada en noticias, opiniones y an\u00e1lisis pol\u00edticos y culturales, puntualiz\u00f3 que la agrupaci\u00f3n vive en el presente est\u00e9ticamente, sin rechazar las virtudes del pasado musical.<\/p>\n\n\n\n<p>En los discos Orange (2020) y Evergreen (2022), el conjunto musical colabor\u00f3 con la compositora, multinstrumentista, cantante y gran lectora Caroline Shaw, considerada una figura fundamental del mundo de las salas de concierto; ambas producciones ganaron un Grammy en la categor\u00eda de mejor interpretaci\u00f3n de m\u00fasica de c\u00e1mara o conjunto peque\u00f1o en el a\u00f1o correspondiente.<\/p>\n\n\n\n<p>Para Nathan Schram, quien tambi\u00e9n ha colaborado con artistas como Bj\u00f6rk, Sting, James Blake, Joshua Bell y David Crosby, entre otros, es importante tener varios proyectos personales a fin de expandir su horizonte musical y aportar nuevas perspectivas al ensamble.<\/p>\n\n\n\n<p>\u201cEs m\u00e1s f\u00e1cil tomar decisiones cuando uno tiene numerosos intereses en la vida. En este momento estudio un doctorado en composici\u00f3n y disfruto el tiempo con mi familia. Aunque vivimos en una era tecnol\u00f3gica apabullante, siempre valdr\u00e1 la pena acudir a un concierto de m\u00fasica de c\u00e1mara, pues se experimenta un momento \u00edntimo y de calidad, que no tiene comparaci\u00f3n con el streaming o con las mejores bocinas.<\/p>\n\n\n\n<p>Los espectadores encontrar\u00e1n un poco de paz, compasi\u00f3n y tranquilidad en nuestro concierto o, por lo menos, despertar\u00e1n otras emociones, pero eso s\u00ed: nada de usar el tel\u00e9fono o cualquier otro dispositivo, la idea es liberarse de las presiones cotidianas, concluy\u00f3 el violista.<\/p>\n\n\n\n<p>El Cuarteto Attacca se presentar\u00e1 hoy a las 20 horas en la Sala Nezahualc\u00f3yotl y ma\u00f1ana a las 10:30 horas ofrecer\u00e1 una clase magistral en la Sala Carlos Ch\u00e1vez, dedicada a diversos ensambles de cuerda de la Escuela de M\u00fasica Vida y Movimiento del Centro Cultural Ollin Yoliztli, el Conservatorio Nacional de M\u00fasica y la Facultad de M\u00fasica de la Universidad Nacional Aut\u00f3noma de M\u00e9xico.<\/p>\n\n\n\n<p>Las entradas para la funci\u00f3n cuestan 150 pesos y se pueden adquirir en la taquilla o en el sitio web boletoscultura.unam.mx. Habr\u00e1 transmisi\u00f3n en vivo a trav\u00e9s de la p\u00e1gina musica.unam.mx<\/p>\n","protected":false},"excerpt":{"rendered":"<p>La escucha activa es una herramienta medular en la m\u00fasica, sobre todo en la de c\u00e1mara, asegura Nathan Schram, integrante del Cuarteto Attacca, ensamble estadunidense que a casi 10 a\u00f1os de su primera presentaci\u00f3n en M\u00e9xico, vuelve al pa\u00eds para ofrecer un concierto y una clase magistral en el Centro Cultural Universitario (CCU) de la [&hellip;]<\/p>\n","protected":false},"author":1,"featured_media":12434,"comment_status":"open","ping_status":"open","sticky":false,"template":"","format":"standard","meta":{"content-type":"","footnotes":""},"categories":[112],"tags":[],"class_list":{"0":"post-12433","1":"post","2":"type-post","3":"status-publish","4":"format-standard","5":"has-post-thumbnail","7":"category-cultura"},"_links":{"self":[{"href":"https:\/\/www.regioncuatronoticias.com\/index.php\/wp-json\/wp\/v2\/posts\/12433","targetHints":{"allow":["GET"]}}],"collection":[{"href":"https:\/\/www.regioncuatronoticias.com\/index.php\/wp-json\/wp\/v2\/posts"}],"about":[{"href":"https:\/\/www.regioncuatronoticias.com\/index.php\/wp-json\/wp\/v2\/types\/post"}],"author":[{"embeddable":true,"href":"https:\/\/www.regioncuatronoticias.com\/index.php\/wp-json\/wp\/v2\/users\/1"}],"replies":[{"embeddable":true,"href":"https:\/\/www.regioncuatronoticias.com\/index.php\/wp-json\/wp\/v2\/comments?post=12433"}],"version-history":[{"count":1,"href":"https:\/\/www.regioncuatronoticias.com\/index.php\/wp-json\/wp\/v2\/posts\/12433\/revisions"}],"predecessor-version":[{"id":12435,"href":"https:\/\/www.regioncuatronoticias.com\/index.php\/wp-json\/wp\/v2\/posts\/12433\/revisions\/12435"}],"wp:featuredmedia":[{"embeddable":true,"href":"https:\/\/www.regioncuatronoticias.com\/index.php\/wp-json\/wp\/v2\/media\/12434"}],"wp:attachment":[{"href":"https:\/\/www.regioncuatronoticias.com\/index.php\/wp-json\/wp\/v2\/media?parent=12433"}],"wp:term":[{"taxonomy":"category","embeddable":true,"href":"https:\/\/www.regioncuatronoticias.com\/index.php\/wp-json\/wp\/v2\/categories?post=12433"},{"taxonomy":"post_tag","embeddable":true,"href":"https:\/\/www.regioncuatronoticias.com\/index.php\/wp-json\/wp\/v2\/tags?post=12433"}],"curies":[{"name":"wp","href":"https:\/\/api.w.org\/{rel}","templated":true}]}}