{"id":12183,"date":"2024-05-21T05:46:12","date_gmt":"2024-05-21T12:46:12","guid":{"rendered":"https:\/\/www.regioncuatronoticias.com\/?p=12183"},"modified":"2024-05-21T05:46:15","modified_gmt":"2024-05-21T12:46:15","slug":"repasa-el-munal-la-evolucion-de-los-angeles-en-la-historia-del-arte-y-la-cultura","status":"publish","type":"post","link":"https:\/\/www.regioncuatronoticias.com\/index.php\/2024\/05\/21\/repasa-el-munal-la-evolucion-de-los-angeles-en-la-historia-del-arte-y-la-cultura\/","title":{"rendered":"Repasa el Munal la evoluci\u00f3n de los \u00e1ngeles en la historia del arte y la cultura"},"content":{"rendered":"\n<p>La exposici\u00f3n \u00c1ngeles: Las huestes celestiales en la Tierra, en el Museo Nacional de Arte (Munal), propone una reflexi\u00f3n sobre el papel que estos considerados seres divinos fungen y los cambios que han sufrido ante el paso del tiempo, ya que han sido mensajeros y s\u00edmbolos de libertad a guardianes, acompa\u00f1antes, guerreros y sanadores.<\/p>\n\n\n\n<p>La exhibici\u00f3n est\u00e1 integrada por unas 200 piezas de artistas nacionales y extranjeros que van del siglo XVI a lo contempor\u00e1neo; incluso, hay obras de autores desconocidos.<\/p>\n\n\n\n<p>La palabra \u00e1ngel proviene del lat\u00edn angelus, que significa mensajero. Estos seres con alas se dividen en nueve grandes grupos denominados coros: en el primer conjunto est\u00e1n serafines, querubines y tronos; en el segundo, dominaciones, virtudes y potestades, y en el tercero se ubican los principados, \u00e1ngeles y arc\u00e1ngeles, seg\u00fan la jerarqu\u00eda establecida en los primeros concilios eclesi\u00e1sticos cristianos.<\/p>\n\n\n\n<p>Los \u00e1ngeles no son privativos del universo mitol\u00f3gico cristiano, pues tambi\u00e9n est\u00e1n presentes en religiones como la musulmana y jud\u00eda, y su aparici\u00f3n data desde los tiempos de la antigua civilizaci\u00f3n babil\u00f3nica.<\/p>\n\n\n\n<p>La exhibici\u00f3n est\u00e1 compuesta por cuatro n\u00facleos. El primero abarca a los \u00e1ngeles marianos; el siguiente, santos y \u00e1ngeles; el tercero est\u00e1 dedicado a San Miguel Arc\u00e1ngel, y el \u00faltimo reflexiona sobre el papel de los \u00e1ngeles aleg\u00f3ricos y su presencia en el arte popular.<\/p>\n\n\n\n<p>Una de las piezas representativas que recibe al p\u00fablico es La Anunciaci\u00f3n, pintada por el novohispano Crist\u00f3bal de Villalpando en 1706. La imagen representa la visita del arc\u00e1ngel Gabriel a Mar\u00eda, para informarle que ser\u00e1 la madre de Jes\u00fas de Nazareth.<\/p>\n\n\n\n<p>De todos los seres celestiales que han sido retratados en la historia del arte, San Miguel es el m\u00e1s representado. Adem\u00e1s, es el antagonista de Lucifer \u2013 o estrella de la ma\u00f1ana, quien adem\u00e1s personifica otro tipo de \u00e1ngel, el profano\u2013 en aquella escena emblem\u00e1tica de su enfrentamiento.<\/p>\n\n\n\n<p>Como parte de esta muestra est\u00e1 la reaparici\u00f3n de la obra Santa Cecilia, del pintor Andr\u00e9s de Concha, considerada la pieza de arte m\u00e1s antigua que posee este recinto, datada en el siglo XVI. Tambi\u00e9n se expone el cuadro basado en el \u00c9xtasis de Santa Teresa de \u00c1vila, de autor y fecha de creaci\u00f3n desconocidos.<\/p>\n\n\n\n<p>Destaca tambi\u00e9n la cabeza de la primera Nique o Victoria Alada, conocida como \u00c1ngel de la Independencia, que cay\u00f3 durante el terremoto de 1957; esa fue la \u00fanica parte que se pudo rescatar de la efigie tras la cat\u00e1strofe.<\/p>\n\n\n\n<p>\u00c1ngeles: Las huestes celestiales en la Tierra tom\u00f3 cinco a\u00f1os de trabajo de los curadores del Munal, quienes tuvieron que realizar restauraciones y traslados de piezas desde otros centros culturales; fue el caso del cuadro Sue\u00f1o de Claudia Pr\u00f3cula, esposa de Poncio Pilatos, pintado por el franc\u00e9s Paul Gustave Dor\u00e9 en 1879, el cual pertenece a la colecci\u00f3n P\u00e9rez Sim\u00f3n.<\/p>\n\n\n\n<p>Seres m\u00e1s humanos<\/p>\n\n\n\n<p>Entre las obras m\u00e1s actuales destacan las de Carmen Parra y Miguel Madariaga, quienes pintan \u00e1ngeles con semblanzas m\u00e1s cercanas a la humanidad; se convierten en aspiraciones a la libertad individual. Fuman, se desinhiben, se ven cansados o relajados.<\/p>\n\n\n\n<p>Por otro lado, tambi\u00e9n est\u00e1 el trabajo popular, ejemplificado en los r\u00f3tulos y trabajos de imprenta donde aparecen de manera casi c\u00f3mica y tierna. Son las figuras plasmadas en los cuadros peque\u00f1os que se pueden adquirir en tianguis o bazares. Retienen su papel de figuras protectoras de ni\u00f1os peque\u00f1os y de consuelo ante personajes agobiados, frustrados o desesperados.<\/p>\n\n\n\n<p>Adem\u00e1s, el p\u00fablico disfrutar\u00e1 de dos salas interactivas en las cuales podr\u00e1n tomarse fotos con reflejos de alas de \u00e1ngeles y demonios, lo que adem\u00e1s llama a la reflexi\u00f3n de la dualidad de estos seres divinos.<\/p>\n\n\n\n<p>En entrevista con La Jornada, el jefe de curadur\u00eda del Munal, Ram\u00f3n Avenda\u00f1o Esquivel, afirm\u00f3 que lograr esta muestra implic\u00f3 un trabajo tit\u00e1nico y contra reloj del equipo de este museo y de los restauradores de estas piezas.<\/p>\n\n\n\n<p>El proyecto se gest\u00f3 hace un lustro. Logramos reunir piezas de 38 colecciones provenientes de 60 artistas para armar la exhibici\u00f3n; eso, de los que tenemos identificados, pero hay alrededor de 29 piezas de las cuales no tenemos firmas ni documentaci\u00f3n que nos permita saber la autor\u00eda.<\/p>\n\n\n\n<p>Para el experto, ning\u00fan museo ser\u00eda suficiente para agotar el tema ang\u00e9lico. \u201cEstas figuras han cambiado de significado con el avance de la civilizaci\u00f3n. Han sido representadas desde Babilonia, hasta en Egipto y la misma Grecia cl\u00e1sica.<\/p>\n\n\n\n<p>\u201cM\u00e9xico tiene en su imaginario colectivo un lugar especial para los \u00e1ngeles. Hemos transformado a estas figuras desde que lleg\u00f3 el cristianismo en la Conquista, pasando por la reflexi\u00f3n de la libertad en nuestra \u00e9poca, y ahora persisten como un llamado a la reflexi\u00f3n sobre nuestra condici\u00f3n humana. Nunca acabar\u00edamos las reflexiones de estas \u2018huestes celestiales\u2019\u201d, concluy\u00f3 Avenda\u00f1o.<\/p>\n\n\n\n<p>La exposici\u00f3n \u00c1ngeles: Las huestes celestiales en la Tierra estar\u00e1 abierta al p\u00fablico hasta el 8 de septiembre en el Munal (Tacuba 8, Centro Hist\u00f3rico, alcald\u00eda Cuauht\u00e9moc), de 10 a 18 horas de martes a domingo, con un costo general de 90 pesos por persona y los descuentos de costumbre.<\/p>\n","protected":false},"excerpt":{"rendered":"<p>La exposici\u00f3n \u00c1ngeles: Las huestes celestiales en la Tierra, en el Museo Nacional de Arte (Munal), propone una reflexi\u00f3n sobre el papel que estos considerados seres divinos fungen y los cambios que han sufrido ante el paso del tiempo, ya que han sido mensajeros y s\u00edmbolos de libertad a guardianes, acompa\u00f1antes, guerreros y sanadores. La [&hellip;]<\/p>\n","protected":false},"author":1,"featured_media":12184,"comment_status":"open","ping_status":"open","sticky":false,"template":"","format":"standard","meta":{"content-type":"","footnotes":""},"categories":[112],"tags":[],"class_list":{"0":"post-12183","1":"post","2":"type-post","3":"status-publish","4":"format-standard","5":"has-post-thumbnail","7":"category-cultura"},"_links":{"self":[{"href":"https:\/\/www.regioncuatronoticias.com\/index.php\/wp-json\/wp\/v2\/posts\/12183","targetHints":{"allow":["GET"]}}],"collection":[{"href":"https:\/\/www.regioncuatronoticias.com\/index.php\/wp-json\/wp\/v2\/posts"}],"about":[{"href":"https:\/\/www.regioncuatronoticias.com\/index.php\/wp-json\/wp\/v2\/types\/post"}],"author":[{"embeddable":true,"href":"https:\/\/www.regioncuatronoticias.com\/index.php\/wp-json\/wp\/v2\/users\/1"}],"replies":[{"embeddable":true,"href":"https:\/\/www.regioncuatronoticias.com\/index.php\/wp-json\/wp\/v2\/comments?post=12183"}],"version-history":[{"count":1,"href":"https:\/\/www.regioncuatronoticias.com\/index.php\/wp-json\/wp\/v2\/posts\/12183\/revisions"}],"predecessor-version":[{"id":12185,"href":"https:\/\/www.regioncuatronoticias.com\/index.php\/wp-json\/wp\/v2\/posts\/12183\/revisions\/12185"}],"wp:featuredmedia":[{"embeddable":true,"href":"https:\/\/www.regioncuatronoticias.com\/index.php\/wp-json\/wp\/v2\/media\/12184"}],"wp:attachment":[{"href":"https:\/\/www.regioncuatronoticias.com\/index.php\/wp-json\/wp\/v2\/media?parent=12183"}],"wp:term":[{"taxonomy":"category","embeddable":true,"href":"https:\/\/www.regioncuatronoticias.com\/index.php\/wp-json\/wp\/v2\/categories?post=12183"},{"taxonomy":"post_tag","embeddable":true,"href":"https:\/\/www.regioncuatronoticias.com\/index.php\/wp-json\/wp\/v2\/tags?post=12183"}],"curies":[{"name":"wp","href":"https:\/\/api.w.org\/{rel}","templated":true}]}}