{"id":11993,"date":"2024-05-18T09:43:03","date_gmt":"2024-05-18T16:43:03","guid":{"rendered":"https:\/\/www.regioncuatronoticias.com\/?p=11993"},"modified":"2024-05-18T09:43:05","modified_gmt":"2024-05-18T16:43:05","slug":"lutieres-indigenas-ofrecen-sus-violines-desde-la-amazonia","status":"publish","type":"post","link":"https:\/\/www.regioncuatronoticias.com\/index.php\/2024\/05\/18\/lutieres-indigenas-ofrecen-sus-violines-desde-la-amazonia\/","title":{"rendered":"\u2018Lutieres\u2019 ind\u00edgenas ofrecen sus violines desde la Amazonia"},"content":{"rendered":"\n<p>Urubich\u00e1. Con sus casas de barro o madera y calles de tierra, Urubich\u00e1 podr\u00eda pasar por una aldea ind\u00edgena m\u00e1s. Pero este poblado de mayor\u00eda guaraya esconde un secreto: sus \u2018lutieres\u2019 lo han convertido en el mayor taller de violines de Bolivia.<\/p>\n\n\n\n<p>No he visto un lugar donde se fabriquen tantos violines como aqu\u00ed, constata Waldo Papu, rector del Instituto de Formaci\u00f3n Art\u00edstica, Coro y Orquesta Urubich\u00e1.<\/p>\n\n\n\n<p>Ubicado en la Amazonia, en el centro este del pa\u00eds, Urubich\u00e1 tiene 8 mil pobladores, la gran mayor\u00eda ind\u00edgenas que hablan guarayo, uno de los 37 dialectos acreditados oficialmente en Bolivia.<\/p>\n\n\n\n<p>Hay entre 40 y 50 \u2018lutieres\u2019 reconocidos, comenta Waldo Papu. Aunque no existe un censo formal, su estimaci\u00f3n supondr\u00eda en promedio un \u2018lutier\u2019 por cada 200 habitantes.<\/p>\n\n\n\n<p>La escuela que dirige es una de las m\u00e1s reconocidas en m\u00fasica barroca de Bolivia. Tiene 600 alumnos, y entre ellos una veintena est\u00e1 aprendiendo a elaborar violines. El peque\u00f1o poblado tambi\u00e9n cuenta con una orquesta sinf\u00f3nica. Pero el oficio recae a\u00fan en la tradici\u00f3n m\u00e1s que en la escuela.<\/p>\n\n\n\n<p>Virtud memoriosa<\/p>\n\n\n\n<p>Hildeberto Oreyai se convirti\u00f3 en \u2018lutier\u2019 por su padre. Hoy tiene 76 a\u00f1os y es un reputado maestro artesano, a quien le toma dos semanas fabricar un instrumento cl\u00e1sico de cuatro cuerdas.<\/p>\n\n\n\n<p>Toda \u201cla semana trabajo, porque hay que trabajar con el instrumento. Con paciencia se hace, para que salga bien el sonido\u201d, dice.<\/p>\n\n\n\n<p>Cada viol\u00edn que elabora a partir de cedro o mara \u2013dos tipos de madera resistente\u2013 se vende por unos 580 d\u00f3lares, seg\u00fan su familia.<\/p>\n\n\n\n<p>Viudo, con cinco hijos y varios nietos, Oreyai habla poco. Desde hace tiempo arrastra problemas auditivos. Diezmado su o\u00eddo de \u2018lutier\u2019, pr\u00e1cticamente afina de memoria.<\/p>\n\n\n\n<p>\u201cMe gusta mucho tocar\u201d, repite este anciano de lentes sentado a las afueras de su taller de tablones.<\/p>\n\n\n\n<p>A diferencia de otros maestros artesanos, Hildeberto Oreyai no logr\u00f3 que ninguno de sus descendientes continuara con el oficio, que conoci\u00f3 por su abuelo.<\/p>\n\n\n\n<p>Al pueblo de los violines se puede acceder s\u00f3lo por una carretera de 300 kil\u00f3metros que lo conecta con Santa Cruz, capital hom\u00f3nima del mismo departamento.<\/p>\n\n\n\n<p>El origen<\/p>\n\n\n\n<p>A principios del siglo XIX, los franciscanos llegaron en misi\u00f3n hasta este poblado guarayo \u2013que en espa\u00f1ol significa \u201cdonde se juntan las aguas\u201d\u2013 y notaron que los ind\u00edgenas eran h\u00e1biles artesanos pero, sobre todo, se fijaron en su inclinaci\u00f3n por la m\u00fasica, tendencia que seg\u00fan antrop\u00f3logos est\u00e1 enraizada en su idea de la muerte.<\/p>\n\n\n\n<p>El alma de los guarayos, para llegar al Abuelo, como identifican a su dios, debe cantar y tocar la \u201ctacuara\u201d o flauta de bamb\u00fa, explica el historiador ind\u00edgena de Urubich\u00e1, Juan Ura\u00f1avi.<\/p>\n\n\n\n<p>El alma se monta sobre un caim\u00e1n camino a su encuentro con el abuelo, pero si no sabe tocar bien la tacuara, por alg\u00fan descuido en su vida, el caim\u00e1n lo vuelca sobre el r\u00edo para devorarlo, a\u00f1ade.<\/p>\n\n\n\n<p>Aprovechando esa sensibilidad musical, los franciscanos emplearon el viol\u00edn como medio de evangelizaci\u00f3n. En principio, esos instrumentos s\u00f3lo pod\u00edan ser tocados en la iglesia, pero luego los propios nativos aprendieron de los misioneros a fabricarlos e interpretarlos, a\u00f1ade Papu. De ah\u00ed proviene el arraigo y prestigio que envuelve a los \u2018lutieres\u2019 en Urubich\u00e1, cuyo oficio hoy no s\u00f3lo se aprende en talleres familiares, sino tambi\u00e9n en las aulas del instituto del pueblo.<\/p>\n\n\n\n<p>Hern\u00e1n Yarita, de 38 a\u00f1os, est\u00e1 pr\u00f3ximo a graduarse de \u2018lutier\u2019. Sin perder de vista el mercado nacional, quiere que sus violines lleguen primero a sus coterr\u00e1neos para no dejar morir la tradici\u00f3n: \u201cHay ni\u00f1os que no tienen viol\u00edn y tenemos esa visi\u00f3n de fabricar para nosotros mismos, para nuestros parientes\u201d.<\/p>\n","protected":false},"excerpt":{"rendered":"<p>Urubich\u00e1. Con sus casas de barro o madera y calles de tierra, Urubich\u00e1 podr\u00eda pasar por una aldea ind\u00edgena m\u00e1s. Pero este poblado de mayor\u00eda guaraya esconde un secreto: sus \u2018lutieres\u2019 lo han convertido en el mayor taller de violines de Bolivia. No he visto un lugar donde se fabriquen tantos violines como aqu\u00ed, constata [&hellip;]<\/p>\n","protected":false},"author":1,"featured_media":11994,"comment_status":"open","ping_status":"open","sticky":false,"template":"","format":"standard","meta":{"content-type":"","footnotes":""},"categories":[112],"tags":[],"class_list":{"0":"post-11993","1":"post","2":"type-post","3":"status-publish","4":"format-standard","5":"has-post-thumbnail","7":"category-cultura"},"_links":{"self":[{"href":"https:\/\/www.regioncuatronoticias.com\/index.php\/wp-json\/wp\/v2\/posts\/11993","targetHints":{"allow":["GET"]}}],"collection":[{"href":"https:\/\/www.regioncuatronoticias.com\/index.php\/wp-json\/wp\/v2\/posts"}],"about":[{"href":"https:\/\/www.regioncuatronoticias.com\/index.php\/wp-json\/wp\/v2\/types\/post"}],"author":[{"embeddable":true,"href":"https:\/\/www.regioncuatronoticias.com\/index.php\/wp-json\/wp\/v2\/users\/1"}],"replies":[{"embeddable":true,"href":"https:\/\/www.regioncuatronoticias.com\/index.php\/wp-json\/wp\/v2\/comments?post=11993"}],"version-history":[{"count":1,"href":"https:\/\/www.regioncuatronoticias.com\/index.php\/wp-json\/wp\/v2\/posts\/11993\/revisions"}],"predecessor-version":[{"id":11995,"href":"https:\/\/www.regioncuatronoticias.com\/index.php\/wp-json\/wp\/v2\/posts\/11993\/revisions\/11995"}],"wp:featuredmedia":[{"embeddable":true,"href":"https:\/\/www.regioncuatronoticias.com\/index.php\/wp-json\/wp\/v2\/media\/11994"}],"wp:attachment":[{"href":"https:\/\/www.regioncuatronoticias.com\/index.php\/wp-json\/wp\/v2\/media?parent=11993"}],"wp:term":[{"taxonomy":"category","embeddable":true,"href":"https:\/\/www.regioncuatronoticias.com\/index.php\/wp-json\/wp\/v2\/categories?post=11993"},{"taxonomy":"post_tag","embeddable":true,"href":"https:\/\/www.regioncuatronoticias.com\/index.php\/wp-json\/wp\/v2\/tags?post=11993"}],"curies":[{"name":"wp","href":"https:\/\/api.w.org\/{rel}","templated":true}]}}