{"id":11897,"date":"2024-05-16T21:51:55","date_gmt":"2024-05-17T04:51:55","guid":{"rendered":"https:\/\/www.regioncuatronoticias.com\/?p=11897"},"modified":"2024-05-16T21:51:57","modified_gmt":"2024-05-17T04:51:57","slug":"fallece-carmen-berenguer-escritora-reconocida-durante-dictadura-chilena","status":"publish","type":"post","link":"https:\/\/www.regioncuatronoticias.com\/index.php\/2024\/05\/16\/fallece-carmen-berenguer-escritora-reconocida-durante-dictadura-chilena\/","title":{"rendered":"Fallece Carmen Berenguer, escritora reconocida durante dictadura chilena"},"content":{"rendered":"\n<p><em>Ciudad de M\u00e9xico.<\/em>&nbsp;La poeta y artista chilena Carmen Berenguer, una de las m\u00e1s reconocidas en su pa\u00eds y representante de la generaci\u00f3n que escribi\u00f3 durante la dictadura de Augusto Pinochet, falleci\u00f3 la ma\u00f1ana de este jueves en Santiago de Chile, a la edad de 81 a\u00f1os, inform\u00f3 la editora y escritora Claudia Posadas<\/p>\n\n\n\n<p>Posadas, quien realiz\u00f3 la selecci\u00f3n y el pr\u00f3logo de M\u00e9xico Plaza tomada: Poes\u00eda (1983-2020) de la autora chilena, dijo a&nbsp;<em>La Jornada<\/em>&nbsp;que Berenguer fue una una de las poetas chilenas m\u00e1s importantes y a escala latinoamericana.<\/p>\n\n\n\n<p>A\u00f1adi\u00f3 que la tambi\u00e9n cronista \u201caport\u00f3 una voz fundamental en un contexto tan opresor como lo fue la dictadura chilena. Su obra es esencial porque es un testimonio decolonizador, deconstructor de los sistemas opresores globalizantes\u201d, as\u00ed como de \u201ctodas estas batallas y de las voces de quienes no forman parte de los poderes f\u00e1cticos\u201d.<\/p>\n\n\n\n<p>Claudia Posadas sostuvo que Berenguer (Santiago de Chile, 1942-2024) \u201ces una voz muy importante para nuestra conciencia social y pol\u00edtica latinoamericana, desde su primer libro&nbsp;<em>Bobby Sands desfallece en el muro<\/em>&nbsp;y hasta el m\u00e1s reciente,&nbsp;<em>Plaza de la Dignidad<\/em>.<\/p>\n\n\n\n<p>\u201cTuvo una congruencia en cuanto a esa conciencia desinstaladora, que adem\u00e1s verti\u00f3 en infinidad de discursos que expandieron el alcance de la escritura po\u00e9tica. Desarroll\u00f3 el habla coloquial, urbana, barroca; desarroll\u00f3 la cr\u00f3nica collage de corte period\u00edstico, el testimonio, el habla culta y hasta cierto punto m\u00edstica, adem\u00e1s de una poes\u00eda muy directa y transparente\u201d.<\/p>\n\n\n\n<p>La especialista coment\u00f3 que la chilena termin\u00f3 hace poco el libro&nbsp;<em>Hamlet<\/em>, \u201cuna met\u00e1fora del Chile actual, que es un hijo despose\u00eddo en busca de la justicia por el padre asesinado por los poderes f\u00e1cticos, y un testimonio profundo de la generaci\u00f3n a la que perteneci\u00f3 Carmen.<\/p>\n\n\n\n<p>\u201cEsa generaci\u00f3n que luch\u00f3 por el proyecto de Salvador Allende, que vio c\u00f3mo fue destruido y vivi\u00f3 la dictadura; que luego vio la concertacesi\u00f3n y tuvo much\u00edsima esperanza en los movimientos sociales de 2019 en su pa\u00eds\u201d, esperanza que se vio truncada por el rechazo a una Constituci\u00f3n que sustituya a la dejada por Pinochet.<\/p>\n\n\n\n<p>Lament\u00f3 que la reconocida poeta, innovadora del discurso latinoamericano de la poes\u00eda, \u201cmuri\u00f3 sin haber recibido el Premio Nacional de Literatura de su pa\u00eds debido al canon patriarcal y al machismo que circunda ese galard\u00f3n\u201d.<\/p>\n","protected":false},"excerpt":{"rendered":"<p>Ciudad de M\u00e9xico.&nbsp;La poeta y artista chilena Carmen Berenguer, una de las m\u00e1s reconocidas en su pa\u00eds y representante de la generaci\u00f3n que escribi\u00f3 durante la dictadura de Augusto Pinochet, falleci\u00f3 la ma\u00f1ana de este jueves en Santiago de Chile, a la edad de 81 a\u00f1os, inform\u00f3 la editora y escritora Claudia Posadas Posadas, quien [&hellip;]<\/p>\n","protected":false},"author":1,"featured_media":11898,"comment_status":"open","ping_status":"open","sticky":false,"template":"","format":"standard","meta":{"content-type":"","footnotes":""},"categories":[112],"tags":[],"class_list":{"0":"post-11897","1":"post","2":"type-post","3":"status-publish","4":"format-standard","5":"has-post-thumbnail","7":"category-cultura"},"_links":{"self":[{"href":"https:\/\/www.regioncuatronoticias.com\/index.php\/wp-json\/wp\/v2\/posts\/11897","targetHints":{"allow":["GET"]}}],"collection":[{"href":"https:\/\/www.regioncuatronoticias.com\/index.php\/wp-json\/wp\/v2\/posts"}],"about":[{"href":"https:\/\/www.regioncuatronoticias.com\/index.php\/wp-json\/wp\/v2\/types\/post"}],"author":[{"embeddable":true,"href":"https:\/\/www.regioncuatronoticias.com\/index.php\/wp-json\/wp\/v2\/users\/1"}],"replies":[{"embeddable":true,"href":"https:\/\/www.regioncuatronoticias.com\/index.php\/wp-json\/wp\/v2\/comments?post=11897"}],"version-history":[{"count":1,"href":"https:\/\/www.regioncuatronoticias.com\/index.php\/wp-json\/wp\/v2\/posts\/11897\/revisions"}],"predecessor-version":[{"id":11899,"href":"https:\/\/www.regioncuatronoticias.com\/index.php\/wp-json\/wp\/v2\/posts\/11897\/revisions\/11899"}],"wp:featuredmedia":[{"embeddable":true,"href":"https:\/\/www.regioncuatronoticias.com\/index.php\/wp-json\/wp\/v2\/media\/11898"}],"wp:attachment":[{"href":"https:\/\/www.regioncuatronoticias.com\/index.php\/wp-json\/wp\/v2\/media?parent=11897"}],"wp:term":[{"taxonomy":"category","embeddable":true,"href":"https:\/\/www.regioncuatronoticias.com\/index.php\/wp-json\/wp\/v2\/categories?post=11897"},{"taxonomy":"post_tag","embeddable":true,"href":"https:\/\/www.regioncuatronoticias.com\/index.php\/wp-json\/wp\/v2\/tags?post=11897"}],"curies":[{"name":"wp","href":"https:\/\/api.w.org\/{rel}","templated":true}]}}