{"id":11894,"date":"2024-05-16T21:51:10","date_gmt":"2024-05-17T04:51:10","guid":{"rendered":"https:\/\/www.regioncuatronoticias.com\/?p=11894"},"modified":"2024-05-16T21:51:12","modified_gmt":"2024-05-17T04:51:12","slug":"feria-del-libro-de-coyoacan-reconocera-a-destacados-escritores","status":"publish","type":"post","link":"https:\/\/www.regioncuatronoticias.com\/index.php\/2024\/05\/16\/feria-del-libro-de-coyoacan-reconocera-a-destacados-escritores\/","title":{"rendered":"Feria del libro de Coyoac\u00e1n reconocer\u00e1 a destacados escritores"},"content":{"rendered":"\n<p>Ciudad de M\u00e9xico. La periodista Elena Poniatowska, la escritora Margo Glantz y el antrop\u00f3logo Eduardo Matos Moctezuma recibir\u00e1n un homenaje como parte de las actividades de la III Feria Internacional del Libro de Coyoac\u00e1n, que se realizar\u00e1 del 7 al 16 de junio de 2024<\/p>\n\n\n\n<p>La Feria reunir\u00e1 adem\u00e1s destacados autores, entre los que figuran los escritores Carlos Mart\u00ednez Assad, Leonardo L\u00f3pez Luj\u00e1n, Alberto Ruy S\u00e1nchez, M\u00f3nica Castellanos, M\u00f3nica Lav\u00edn, Jorge Boone, Humberto Clemente Orozco y Luis Humberto Crosthwaite, as\u00ed como la Premio Nobel de la Paz, Rigoberta Mench\u00fa.<\/p>\n\n\n\n<p>Adem\u00e1s se rendir\u00e1 un homenaje p\u00f3stumo a la periodista, narradora y conductora, Cristina Pacheco, nacida en Guanajuato, el estado invitado que recordar\u00e1 el legado de la periodista.<\/p>\n\n\n\n<p>Dicha entidad ofrecer\u00e1 al p\u00fablico un vasto programa editorial y art\u00edstico que incluir\u00e1 la intervenci\u00f3n de Paloma Jim\u00e9nez, hija de Jos\u00e9 Alfredo Jim\u00e9nez, quien hablar\u00e1 del compositor del pueblo, adem\u00e1s de la m\u00fasica y las canciones de las famosas estudiantinas guanajuatenses que recorrer\u00e1n la plaza Hidalgo, al igual que los personajes emblem\u00e1ticos del Quijote y Sancho Panza.<\/p>\n\n\n\n<p>La longevidad y la mujer son los ejes tem\u00e1ticos de este tercer encuentro literario, el cual ofrecer\u00e1 un programa dirigido a los adultos mayores, entre conversatorios, talleres, presentaciones editoriales y conciertos.<\/p>\n\n\n\n<p>\u201cEn esta edici\u00f3n se suma la empresa J. Garc\u00eda L\u00f3pez, con actividades para disfrutar plenamente cada instante, por medio del programa culturalEl mejor cap\u00edtulo de tu vida es hoy, una invitaci\u00f3n a explorar y construir nuevos cap\u00edtulos en la historia de vida de cada individuo, a trav\u00e9s de la conferencia Vivir plenamente, el Taller Art\u00edstico Homenaje a Ellasy el Concurso de Baile de Salsa, dirigido a mayores de 18 a\u00f1os, y el de Danz\u00f3n, para la tercera edad, con premios econ\u00f3micos a los tres primeros lugares de cada categor\u00eda; adem\u00e1s de una colecci\u00f3n de libros\u201d, se\u00f1al\u00f3 Gerardo Valenzuela Nava, director y fundador de la feria.<\/p>\n\n\n\n<p>\u201cQueremos que Coyoac\u00e1n siga siendo semillero y cuna de creadores, a trav\u00e9s de una serie de iniciativas que permitan atraer a p\u00fablicos diversos, lectores e impulsar a nuevos talentos como lo hizo el I Premio Nacional Sophia \u2013 FILCO de Literatura Joven, que convoc\u00f3 a 600 autores. Las obras finalistas y ganadoras, compiladas en un libro, ser\u00e1n presentadas el 16 de junio, a las 16:00 horas\u201d, anunci\u00f3 Valenzuela Nava.<\/p>\n\n\n\n<p>El programa de la Francofon\u00eda, con la participaci\u00f3n de diversos pa\u00edses de habla francesa en su calidad de invitados de honor de la FILCO, estar\u00e1 conformado por proyecciones cinematogr\u00e1ficas, conciertos, presentaciones editoriales y conferencias, entre las que destaca la dedicada a la traducci\u00f3n de la poes\u00eda, a cargo de cuatro traductores especializados: Audomaro Hidalgo, Andrea Rivas, Gustavo Osorio y Mario Boj\u00f3rquez.<\/p>\n\n\n\n<p>Asimismo, la presentaci\u00f3n de la novela Le livre diario de Aztl\u00e1n; la intervenci\u00f3n de la soprano Smirna Salinas y Trillo Piano con un programa de canciones francesas de \u00f3pera, Cortos franc\u00f3fonos por el Festival Shorts M\u00e9xico, la presentaci\u00f3n editorial dedicada a Charles de Gaulle, a cargo de Vicent Perrin, C\u00f3nsul general de Francia y el concierto de clausura, con Atenea Ochoa, en homenaje a Francia, entre otras actividades.<\/p>\n\n\n\n<p>Otro de los invitados de honor de la FILCO es La Candelaria, uno de los pueblos originarios de Coyoac\u00e1n, cuya historia y tradiciones festivas han trascendido, como la celebraci\u00f3n de la Semana Santa con 75 a\u00f1os de representaciones y los tradicionales tapetes y singulares portadas de flores.<\/p>\n\n\n\n<p>La III Feria Internacional del Libro de Coyoac\u00e1n (FILCO), un proyecto autogestivo que cuenta con el espacio p\u00fablico gracias al apoyo de las autoridades de la alcald\u00eda. Las actividades se llevar\u00e1n acabo de 11:00 a 21:00 horas.<\/p>\n","protected":false},"excerpt":{"rendered":"<p>Ciudad de M\u00e9xico. La periodista Elena Poniatowska, la escritora Margo Glantz y el antrop\u00f3logo Eduardo Matos Moctezuma recibir\u00e1n un homenaje como parte de las actividades de la III Feria Internacional del Libro de Coyoac\u00e1n, que se realizar\u00e1 del 7 al 16 de junio de 2024 La Feria reunir\u00e1 adem\u00e1s destacados autores, entre los que figuran [&hellip;]<\/p>\n","protected":false},"author":1,"featured_media":11895,"comment_status":"open","ping_status":"open","sticky":false,"template":"","format":"standard","meta":{"content-type":"","footnotes":""},"categories":[112],"tags":[],"class_list":{"0":"post-11894","1":"post","2":"type-post","3":"status-publish","4":"format-standard","5":"has-post-thumbnail","7":"category-cultura"},"_links":{"self":[{"href":"https:\/\/www.regioncuatronoticias.com\/index.php\/wp-json\/wp\/v2\/posts\/11894","targetHints":{"allow":["GET"]}}],"collection":[{"href":"https:\/\/www.regioncuatronoticias.com\/index.php\/wp-json\/wp\/v2\/posts"}],"about":[{"href":"https:\/\/www.regioncuatronoticias.com\/index.php\/wp-json\/wp\/v2\/types\/post"}],"author":[{"embeddable":true,"href":"https:\/\/www.regioncuatronoticias.com\/index.php\/wp-json\/wp\/v2\/users\/1"}],"replies":[{"embeddable":true,"href":"https:\/\/www.regioncuatronoticias.com\/index.php\/wp-json\/wp\/v2\/comments?post=11894"}],"version-history":[{"count":1,"href":"https:\/\/www.regioncuatronoticias.com\/index.php\/wp-json\/wp\/v2\/posts\/11894\/revisions"}],"predecessor-version":[{"id":11896,"href":"https:\/\/www.regioncuatronoticias.com\/index.php\/wp-json\/wp\/v2\/posts\/11894\/revisions\/11896"}],"wp:featuredmedia":[{"embeddable":true,"href":"https:\/\/www.regioncuatronoticias.com\/index.php\/wp-json\/wp\/v2\/media\/11895"}],"wp:attachment":[{"href":"https:\/\/www.regioncuatronoticias.com\/index.php\/wp-json\/wp\/v2\/media?parent=11894"}],"wp:term":[{"taxonomy":"category","embeddable":true,"href":"https:\/\/www.regioncuatronoticias.com\/index.php\/wp-json\/wp\/v2\/categories?post=11894"},{"taxonomy":"post_tag","embeddable":true,"href":"https:\/\/www.regioncuatronoticias.com\/index.php\/wp-json\/wp\/v2\/tags?post=11894"}],"curies":[{"name":"wp","href":"https:\/\/api.w.org\/{rel}","templated":true}]}}