{"id":11888,"date":"2024-05-16T21:45:43","date_gmt":"2024-05-17T04:45:43","guid":{"rendered":"https:\/\/www.regioncuatronoticias.com\/?p=11888"},"modified":"2024-05-16T21:45:44","modified_gmt":"2024-05-17T04:45:44","slug":"museo-regional-de-sonora-realizara-recorridos-por-los-calabozos-de-la-antigua-penitenciaria-y-actividades-para-ninos","status":"publish","type":"post","link":"https:\/\/www.regioncuatronoticias.com\/index.php\/2024\/05\/16\/museo-regional-de-sonora-realizara-recorridos-por-los-calabozos-de-la-antigua-penitenciaria-y-actividades-para-ninos\/","title":{"rendered":"Museo Regional de Sonora realizar\u00e1 recorridos por los calabozos de la Antigua Penitenciar\u00eda y actividades para ni\u00f1os"},"content":{"rendered":"\n<p>Hermosillo, Sonora. \u2013 El Museo Regional de Sonora celebrar\u00e1 el D\u00eda Internacional de los Museos con actividades en la Antigua Penitenciar\u00eda de Sonora el pr\u00f3ximo s\u00e1bado 18 de mayo de 2024 de 10:00 a 16:00 horas, seg\u00fan inform\u00f3 el Instituto Nacional de Antropolog\u00eda e Historia (INAH).<\/p>\n\n\n\n<p>La instituci\u00f3n permitir\u00e1 visitar la Antigua Penitenciar\u00eda donde habr\u00e1 una exposici\u00f3n temporal sobre la Misi\u00f3n de Coc\u00f3spera, adem\u00e1s, se permitir\u00e1 recorrer los rincones de la c\u00e1rcel, celdas, patios, pared\u00f3n y calabozos, as\u00ed como conocer los muros y espacios en los que m\u00e1s de 800 presos estuvieron a principios del siglo XX y mediados del siglo XXI. Tambi\u00e9n habr\u00e1 un espacio para que los ni\u00f1os y ni\u00f1as realicen actividades.<\/p>\n\n\n\n<p>Adem\u00e1s, en esta ocasi\u00f3n se llevar\u00e1 a cabo una jornada especial donde el museo va a una escuela, a impartir durante toda una semana talleres educativos sobre \u201cPintura facial comca\u00e1c\u201d, con el objetivo de acercar a los estudiantes a conocer parte de las tradiciones y la cultura de los pueblos originarios de Sonora.<\/p>\n\n\n\n<p>La Lic. Martha Olivia Sol\u00eds Zatara\u00edn, directora del recinto mencion\u00f3 que \u201cEl museo ha venido desarrollando diversas acciones que permiten acercar a distintos p\u00fablicos al conocimiento y disfrute del patrimonio cultural, en esta ocasi\u00f3n ofreceremos la visita a los calabozos, que ha sido una experiencia demandada por la sociedad en general, as\u00ed como actividades para ni\u00f1os sobre pueblos originarios, pintura rupestre y misiones de la Pimer\u00eda Alta, en el corredor de la entrada, ejercicios de enriquecimiento e intercambio cultural\u201d.<\/p>\n\n\n\n<p>Se extiende la invitaci\u00f3n para visitar el Museo Regional de Sonora en esta jornada especial, el s\u00e1bado 18 de mayo, con un horario de 10:00 a 16:00 horas, para mayor informaci\u00f3n, pueden comunicarse al 662 217 2714 o al correo museo.son@inah.gob.mx.<\/p>\n","protected":false},"excerpt":{"rendered":"<p>Hermosillo, Sonora. \u2013 El Museo Regional de Sonora celebrar\u00e1 el D\u00eda Internacional de los Museos con actividades en la Antigua Penitenciar\u00eda de Sonora el pr\u00f3ximo s\u00e1bado 18 de mayo de 2024 de 10:00 a 16:00 horas, seg\u00fan inform\u00f3 el Instituto Nacional de Antropolog\u00eda e Historia (INAH). La instituci\u00f3n permitir\u00e1 visitar la Antigua Penitenciar\u00eda donde habr\u00e1 [&hellip;]<\/p>\n","protected":false},"author":1,"featured_media":11889,"comment_status":"open","ping_status":"open","sticky":false,"template":"","format":"standard","meta":{"content-type":"","footnotes":""},"categories":[9],"tags":[],"class_list":{"0":"post-11888","1":"post","2":"type-post","3":"status-publish","4":"format-standard","5":"has-post-thumbnail","7":"category-sonora"},"_links":{"self":[{"href":"https:\/\/www.regioncuatronoticias.com\/index.php\/wp-json\/wp\/v2\/posts\/11888","targetHints":{"allow":["GET"]}}],"collection":[{"href":"https:\/\/www.regioncuatronoticias.com\/index.php\/wp-json\/wp\/v2\/posts"}],"about":[{"href":"https:\/\/www.regioncuatronoticias.com\/index.php\/wp-json\/wp\/v2\/types\/post"}],"author":[{"embeddable":true,"href":"https:\/\/www.regioncuatronoticias.com\/index.php\/wp-json\/wp\/v2\/users\/1"}],"replies":[{"embeddable":true,"href":"https:\/\/www.regioncuatronoticias.com\/index.php\/wp-json\/wp\/v2\/comments?post=11888"}],"version-history":[{"count":1,"href":"https:\/\/www.regioncuatronoticias.com\/index.php\/wp-json\/wp\/v2\/posts\/11888\/revisions"}],"predecessor-version":[{"id":11890,"href":"https:\/\/www.regioncuatronoticias.com\/index.php\/wp-json\/wp\/v2\/posts\/11888\/revisions\/11890"}],"wp:featuredmedia":[{"embeddable":true,"href":"https:\/\/www.regioncuatronoticias.com\/index.php\/wp-json\/wp\/v2\/media\/11889"}],"wp:attachment":[{"href":"https:\/\/www.regioncuatronoticias.com\/index.php\/wp-json\/wp\/v2\/media?parent=11888"}],"wp:term":[{"taxonomy":"category","embeddable":true,"href":"https:\/\/www.regioncuatronoticias.com\/index.php\/wp-json\/wp\/v2\/categories?post=11888"},{"taxonomy":"post_tag","embeddable":true,"href":"https:\/\/www.regioncuatronoticias.com\/index.php\/wp-json\/wp\/v2\/tags?post=11888"}],"curies":[{"name":"wp","href":"https:\/\/api.w.org\/{rel}","templated":true}]}}