{"id":11806,"date":"2024-05-16T01:04:23","date_gmt":"2024-05-16T08:04:23","guid":{"rendered":"https:\/\/www.regioncuatronoticias.com\/?p=11806"},"modified":"2024-05-16T01:04:24","modified_gmt":"2024-05-16T08:04:24","slug":"investigan-a-medico-de-la-cedh-sonora-lo-acusan-de-revisar-fuera-de-protocolo-la-zona-intima-de-nina-de-5-anos","status":"publish","type":"post","link":"https:\/\/www.regioncuatronoticias.com\/index.php\/2024\/05\/16\/investigan-a-medico-de-la-cedh-sonora-lo-acusan-de-revisar-fuera-de-protocolo-la-zona-intima-de-nina-de-5-anos\/","title":{"rendered":"Investigan a m\u00e9dico de la CEDH Sonora; lo acusan de revisar fuera de protocolo la zona \u00edntima de ni\u00f1a de 5 a\u00f1os"},"content":{"rendered":"\n<p><strong>Noelia Bernal asisti\u00f3 a una reuni\u00f3n convocada por la Comisi\u00f3n Estatal de Derechos Humanos, donde asistieron autoridades de la Secretar\u00eda de Educaci\u00f3n y Cultura y la Procuradur\u00eda para la Protecci\u00f3n de Ni\u00f1as, Ni\u00f1os y Adolescentes<\/strong><\/p>\n\n\n\n<p>Tomado de Dossier Pol\u00edtico<\/p>\n\n\n\n<p>Con informaci\u00f3n de El Universal\/ Amalia Escobar<\/p>\n\n\n\n<p>Mi\u00e9rcoles 15 de mayo de 2024<\/p>\n\n\n\n<p>La Comisi\u00f3n Estatal de los Derechos Humanos (CEDH) inform\u00f3 que se investiga a un m\u00e9dico de la instituci\u00f3n que fuera de protocolo, revis\u00f3 la zona \u00edntima de una ni\u00f1a de 5 a\u00f1os de edad, cuya madre llev\u00f3 para interponer una denuncia de abuso sexual por un compa\u00f1ero de clase en el colegio San Agust\u00edn, en marzo del 2023.<\/p>\n\n\n\n<p>Noelia Bernal, revel\u00f3 apenas el 10 de mayo pasado al noticiero de Proyecto Puente que a 42 d\u00edas de los hechos, un doctor de la CEDH habr\u00eda sobrepasado su desempe\u00f1o. Tras la denuncia p\u00fablica, ese mismo d\u00eda, el m\u00e9dico renunci\u00f3.<\/p>\n\n\n\n<p>A finales de enero y principios de febrero del 2023, la alumna de tercer a\u00f1o de preescolar, de acuerdo al testimonio de su madre, fue abusada sexualmente por un compa\u00f1ero, en el sal\u00f3n de clases y en un castillo que era un \u00e1rea de juegos.<\/p>\n\n\n\n<p>La se\u00f1ora Bernal pidi\u00f3 a la escuela los videos de los hechos pero las autoridades no s\u00f3lo se los negaron sino que no hubo castigo para los responsables de cuidar a los ni\u00f1os. Acudi\u00f3 a la Secretar\u00eda de Educaci\u00f3n y Cultura, al DIF Sonora, a la CEDH, as\u00ed como a otras instancias, pero nadie le resolvi\u00f3; entonces, el 20 de mayo del 2023, interpuso una denuncia contra el colegio San Agust\u00edn, ante la Fiscal\u00eda General de Justicia del Estado.<\/p>\n\n\n\n<p><strong>Lee tambi\u00e9n: Investigan caso de abuso sexual de una ni\u00f1a de 5 a\u00f1os dentro de colegio en Sonora; el agresor ser\u00eda otro ni\u00f1o de la misma edad<\/strong><\/p>\n\n\n\n<p>En un af\u00e1n de buscar castigo a los responsables, pidi\u00f3 a trav\u00e9s del grupo de chat del sal\u00f3n, apoyo de las madres para hacer una huelga afuera del plantel y puso el &nbsp;nombre del ni\u00f1o agresor. La madre del menor tom\u00f3 captura de pantalla y la denunci\u00f3, ahora tambi\u00e9n est\u00e1 vinculada a proceso. Debe pagar una cantidad de dinero por reparaci\u00f3n del da\u00f1o psicol\u00f3gico que le provoc\u00f3.<\/p>\n\n\n\n<p>Noelia Bernal reconoci\u00f3 que por desconocimiento de la ley, expuso el nombre del menor, y est\u00e1 consiente que debe ser sancionada, pero la contraparte le pide una cantidad que no puede pagar y adem\u00e1s le exige una disculpa p\u00fablica ante los medios de comunicaci\u00f3n. Recrimin\u00f3 que el caso en su contra fue muy r\u00e1pido, pues en octubre del 2023 fue vinculada a proceso, mientras su caso segu\u00eda estancado.<\/p>\n\n\n\n<p>Este mi\u00e9rcoles 15 de mayo, la CEDH inform\u00f3: &#8220;Recientemente, trascendi\u00f3 en medios de comunicaci\u00f3n la denuncia p\u00fablica de la mam\u00e1 de la ni\u00f1a por un peritaje m\u00e9dico practicado durante el tr\u00e1mite del expediente de queja&#8221;.<\/p>\n\n\n\n<p>&#8220;Frente a esta situaci\u00f3n, el mismo d\u00eda se entabl\u00f3 comunicaci\u00f3n directa con ella para tener conocimiento directo de los hechos por ella narrados e informarle sobre las acciones y medidas que se realizar\u00e1n para atender debidamente su denuncia&#8221;.<\/p>\n\n\n\n<p>La CEDH, comunic\u00f3, continuar\u00e1 dando seguimiento puntual tanto al expediente de queja iniciado en marzo de 2023 como a la denuncia efectuada por la madre de la ni\u00f1a por el indicado peritaje m\u00e9dico. Respecto de cada una de estas situaciones se realizar\u00e1n las investigaciones y procedimientos pertinentes, con apego a las atribuciones constitucionales y legales que corresponden a este \u00f3rgano constitucional aut\u00f3nomo para cada caso, indic\u00f3.<\/p>\n\n\n\n<p><strong>ATIENDEN AUTORIDADES CASO DE NOELIA BERNAL<\/strong><\/p>\n\n\n\n<p>El d\u00eda de ayer 14 de mayo de 2024, Noelia Bernal asisti\u00f3 a una reuni\u00f3n convocada por la Comisi\u00f3n Estatal de Derechos Humanos (CEDH), donde asistieron autoridades de la Secretar\u00eda de Educaci\u00f3n y Cultura (SEC) y la Procuradur\u00eda para la Protecci\u00f3n de Ni\u00f1as, Ni\u00f1os y Adolescentes (PPNNA).<\/p>\n\n\n\n<p>En este encuentro, la madre de la ni\u00f1a expuso ante las distintas autoridades presentes sus planteamientos sobre el caso de su hija, y cada una de dichas entidades asumi\u00f3 el compromiso de un seguimiento puntual y diligente a cada una de las peticiones y expectativas planteadas por la madre, conforme a sus respectivos \u00e1mbitos de competencia y facultades legales.<\/p>\n\n\n\n<p>En marzo de 2023, se inici\u00f3 un expediente de queja en la CEDH donde el Presidente de la instituci\u00f3n instruy\u00f3 que se emitieran las medidas cautelares para que la PPNNA iniciara la investigaci\u00f3n correspondiente, valorara y acompa\u00f1ara a la ni\u00f1a del caso.<\/p>\n\n\n\n<p>Adem\u00e1s, que la SEC instruyera lo necesario para que se procediera a la separaci\u00f3n de salones, se designara una \u201cmaestra sombra\u201d a la ni\u00f1a y se rindiera un informe pormenorizado de los hechos para proseguir con la investigaci\u00f3n. Las tres entidades p\u00fablicas colaboraron de forma coordinada y las medidas instadas fueron cumplidas en su totalidad, logrando su objetivo, inform\u00f3 la CEDH.<\/p>\n\n\n\n<figure class=\"wp-block-embed\"><div class=\"wp-block-embed__wrapper\">\nhttps:\/\/www.eluniversal.com.mx\/estados\/investigan-a-medico-de-comision-de-derechos-humanos-de-sonora-acusan-que-reviso-fuera-de-protocolo-la-zona-intima-de-nina-de-5-anos\n<\/div><\/figure>\n\n\n\n<p>Dossier Pol\u00edtico<\/p>\n\n\n\n<figure class=\"wp-block-embed\"><div class=\"wp-block-embed__wrapper\">\nhttps:\/\/www.dossierpolitico.com\/vernoticias.php?artid=297070&#038;relacion=&#038;tipo=Principal&#038;categoria=12\n<\/div><\/figure>\n","protected":false},"excerpt":{"rendered":"<p>Noelia Bernal asisti\u00f3 a una reuni\u00f3n convocada por la Comisi\u00f3n Estatal de Derechos Humanos, donde asistieron autoridades de la Secretar\u00eda de Educaci\u00f3n y Cultura y la Procuradur\u00eda para la Protecci\u00f3n de Ni\u00f1as, Ni\u00f1os y Adolescentes Tomado de Dossier Pol\u00edtico Con informaci\u00f3n de El Universal\/ Amalia Escobar Mi\u00e9rcoles 15 de mayo de 2024 La Comisi\u00f3n Estatal [&hellip;]<\/p>\n","protected":false},"author":1,"featured_media":11807,"comment_status":"open","ping_status":"open","sticky":false,"template":"","format":"standard","meta":{"content-type":"","footnotes":""},"categories":[105,113,9],"tags":[],"class_list":{"0":"post-11806","1":"post","2":"type-post","3":"status-publish","4":"format-standard","5":"has-post-thumbnail","7":"category-principal","8":"category-seguridad","9":"category-sonora"},"_links":{"self":[{"href":"https:\/\/www.regioncuatronoticias.com\/index.php\/wp-json\/wp\/v2\/posts\/11806","targetHints":{"allow":["GET"]}}],"collection":[{"href":"https:\/\/www.regioncuatronoticias.com\/index.php\/wp-json\/wp\/v2\/posts"}],"about":[{"href":"https:\/\/www.regioncuatronoticias.com\/index.php\/wp-json\/wp\/v2\/types\/post"}],"author":[{"embeddable":true,"href":"https:\/\/www.regioncuatronoticias.com\/index.php\/wp-json\/wp\/v2\/users\/1"}],"replies":[{"embeddable":true,"href":"https:\/\/www.regioncuatronoticias.com\/index.php\/wp-json\/wp\/v2\/comments?post=11806"}],"version-history":[{"count":1,"href":"https:\/\/www.regioncuatronoticias.com\/index.php\/wp-json\/wp\/v2\/posts\/11806\/revisions"}],"predecessor-version":[{"id":11808,"href":"https:\/\/www.regioncuatronoticias.com\/index.php\/wp-json\/wp\/v2\/posts\/11806\/revisions\/11808"}],"wp:featuredmedia":[{"embeddable":true,"href":"https:\/\/www.regioncuatronoticias.com\/index.php\/wp-json\/wp\/v2\/media\/11807"}],"wp:attachment":[{"href":"https:\/\/www.regioncuatronoticias.com\/index.php\/wp-json\/wp\/v2\/media?parent=11806"}],"wp:term":[{"taxonomy":"category","embeddable":true,"href":"https:\/\/www.regioncuatronoticias.com\/index.php\/wp-json\/wp\/v2\/categories?post=11806"},{"taxonomy":"post_tag","embeddable":true,"href":"https:\/\/www.regioncuatronoticias.com\/index.php\/wp-json\/wp\/v2\/tags?post=11806"}],"curies":[{"name":"wp","href":"https:\/\/api.w.org\/{rel}","templated":true}]}}