{"id":11803,"date":"2024-05-16T00:53:24","date_gmt":"2024-05-16T07:53:24","guid":{"rendered":"https:\/\/www.regioncuatronoticias.com\/?p=11803"},"modified":"2024-05-16T00:53:25","modified_gmt":"2024-05-16T07:53:25","slug":"ciudadanizar-la-politica","status":"publish","type":"post","link":"https:\/\/www.regioncuatronoticias.com\/index.php\/2024\/05\/16\/ciudadanizar-la-politica\/","title":{"rendered":"Ciudadanizar la pol\u00edtica"},"content":{"rendered":"\n<p><strong>Columna El Zancudo<\/strong><\/p>\n\n\n\n<p><strong>Arturo Soto Mungu\u00eda<\/strong><\/p>\n\n\n\n<p><strong>Ciudadanizar la pol\u00edtica<\/strong><\/p>\n\n\n\n<p><strong>Jueves 16 de mayo de 2024<\/strong><\/p>\n\n\n\n<p>Estar\u00e1 usted de acuerdo, encampa\u00f1ado lector, esc\u00e9ptica lectora que de un tiempo a la fecha a nuestra inmaculada clase pol\u00edtica le ha dado por poner de moda palabras y\/o frases que a la postre terminan significando nada, o cuando mucho solo quedan como joyas ornamentales de la ret\u00f3rica.<\/p>\n\n\n\n<p>&nbsp;\u201cCiudadanizar\u201d, por ejemplo.<\/p>\n\n\n\n<p>&nbsp;El concepto parece un arma de dos filos porque al mismo tiempo que pondera las virtudes de esa a veces inaprehensible figura del \u2018ciudadano\u2019, la coloca como el opuesto a la del \u2018pol\u00edtico\u2019, lo cual vendr\u00eda siendo como un balazo en el pie. Es un tanto \u2018random\u2019 (a prop\u00f3sito de palabritas de moda) que un pol\u00edtico sugiera o proponga que para relanzar la pol\u00edtica hay que dejarla lejos de las manos de los pol\u00edticos y acercarla a la de los \u2018ciudadanos\u2019.<\/p>\n\n\n\n<p>&nbsp;En descargo hay que mencionar c\u00f3mo poco a poco la sociedad organizada ha venido empujando para que los gobiernos dejen de ser una especie de cofrad\u00eda que se arroga el derecho de informar y que pr\u00e1cticamente desarrolla sus pol\u00edticas p\u00fablicas a partir de criterios no necesariamente consensuados con sus gobernados.<\/p>\n\n\n\n<p>&nbsp;Quiz\u00e1 sea en los albores de la d\u00e9cada de los 90 del siglo pasado cuando comenzaron a crearse instituciones que apuntaban a la construcci\u00f3n de gobiernos m\u00e1s abiertos y, hay que decirlo, no se crearon como una graciosa concesi\u00f3n gubernamental, sino producto de una sociedad que desde diversos frentes empujaba en ese sentido, consiguiendo importantes avances en materia de transparencia y rendici\u00f3n de cuentas, parlamento abierto e incorporaci\u00f3n ciudadana en el dise\u00f1o, implementaci\u00f3n y evaluaci\u00f3n de sus pol\u00edticas p\u00fablicas.<\/p>\n\n\n\n<p>&nbsp;Sin duda falta mucho por avanzar en ese sentido, pero hacia all\u00e1 es la tendencia. En esa materia trabajan organizaciones como la Asociaci\u00f3n Civil EnIgualdad, y Hermosillo c\u00f3mo vamos, que ayer tuvieron sendos encuentros con los cuatro candidatos a la alcald\u00eda de Hermosillo: Mar\u00eda Dolores del R\u00edo, Natalia Rivera Grijalva, Antonio Astiazar\u00e1n Guti\u00e9rrez y Juan Eduardo Ruiz Palafox, de Morena, MC, PRI-PAN-PRD y del Partido Sonorense, respectivamente.<\/p>\n\n\n\n<p>&nbsp;En el caso de \u2018Hermosillo c\u00f3mo vamos\u2019, el objetivo del encuentro fue que las y los candidatos suscribieran un documento que incluye 24 grandes objetivos con 83 propuestas de acciones o programas de pol\u00edtica p\u00fablica en nueve temas prioritarios para el desarrollo de Hermosillo como son: adicciones y salud mental; agua, buen gobierno y participaci\u00f3n c\u00edvica; desarrollo econ\u00f3mico, desarrollo humano y desarrollo urbano sustentable; servicios p\u00fablicos municipales, medio ambiente, movilidad y seguridad ciudadana.<\/p>\n\n\n\n<p>&nbsp;Los y las candidatas estuvieron muy formales y discretos en el evento, sin tener participaci\u00f3n de viva voz dejando todo el espacio para que los dirigentes de esa organizaci\u00f3n expusieran el sentido y los alcances esperados de ese encuentro, del que por cierto ya se han hecho dos ediciones (en 2018 y 2021) con una buena respuesta por parte de los gobiernos de esos periodos.<\/p>\n\n\n\n<p>&nbsp;Los y las aspirantes a la alcald\u00eda asumieron el compromiso de incorporar, en caso de ser electos, esas propuestas en el Plan Municipal de Desarrollo 2024-2027 y a instruir a sus funcionarios para su seguimiento, mientras el compromiso de la organizaci\u00f3n fue promover la participaci\u00f3n ciudadana proactiva y colaborativa.<\/p>\n\n\n\n<p>&nbsp;En la misma sede en la que se dio este encuentro se suscit\u00f3 otro inmediatamente despu\u00e9s, en un sal\u00f3n contiguo. Fue el convocado por la AC En Igualdad, donde las y los candidatos tambi\u00e9n firmaron los 10 compromisos por la democracia y la transparencia municipal.<\/p>\n\n\n\n<p>&nbsp;Aqu\u00ed s\u00ed se les dio voz a los y las aspirantes que tuvieron la oportunidad de dar un breve repaso a lo que han hecho en sus administraciones en el caso de Antonio Astiazar\u00e1n y Mar\u00eda Dolores del R\u00edo, que ya gobernaron la capital; en el caso de Natalia Rivera como diputada local y en el caso de Ruiz Palafox, que no ha tenido cargo p\u00fablico alguno se comprometi\u00f3 a trabajar al lado de organizaciones sociales como las convocantes para enriquecer su proyecto de gobierno.<\/p>\n\n\n\n<p>&nbsp;En un apretad\u00edsimo resumen podr\u00edamos citar que Mar\u00eda Dolores del R\u00edo reiter\u00f3 su voluntad de abrir de nuevo las puertas de Palacio Municipal y record\u00f3 que cuando desempe\u00f1\u00f3 el cargo de alcaldesa inaugur\u00f3 los \u2018Mi\u00e9rcoles Ciudadanos\u2019 que si gana la presidencia retomar\u00e1 como \u2018Mi\u00e9rcoles de la gente\u2019 y que como diputada local present\u00f3 iniciativas para fortalecer la participaci\u00f3n ciudadana, la Ley de Austeridad que obliga a los gobiernos a transparentar el uso de los recursos p\u00fablicos sin corruptelas, y que en su planilla de regidores incorpor\u00f3 a Yahir Alejandro Moreno, representante de la comunidad sorda en Sonora, como parte de una estrategia de inclusi\u00f3n a personas con discapacidad. Por cierto, sugiri\u00f3 a los organizadores del evento que para la pr\u00f3xima incluyeran en sus eventos a un int\u00e9rprete del lenguaje a se\u00f1as.<\/p>\n\n\n\n<p>&nbsp;To\u00f1o Astiazar\u00e1n por su parte destac\u00f3 el significado del programa CRECES, que tiene que ver con la idea del presupuesto participativo en el que la ciudadan\u00eda decide c\u00f3mo y en qu\u00e9 se aplican los recursos p\u00fablicos de la comuna, y Natalia Rivera destac\u00f3 que fue ella quien como diputada impuls\u00f3 la iniciativa de parlamento abierto, aprobada en el Congreso del Estado, y que en su arranque de campa\u00f1a tom\u00f3 protesta a mil \u2018regidores ciudadanos\u2019 que representan el espectro m\u00e1s amplio de la sociedad con sus respectivas y muy concretas cotidianeidades.<\/p>\n\n\n\n<p>Fue, creo, un buen ejercicio que apunta a fortalecer la ciudadanizaci\u00f3n de las pol\u00edticas p\u00fablicas y una muestra de que la sociedad civil s\u00ed puede conquistar espacios en \u00e1mbitos de gobierno que hasta hace poco estaban reservados solo para \u2018la clase pol\u00edtica\u2019.<\/p>\n\n\n\n<p>&nbsp;El punto es que de los cuatro invitados a ambos eventos, solo uno, o una llegar\u00e1 a la presidencia y tendr\u00e1 que recordar que su firma est\u00e1 estampada en esas agendas.<\/p>\n\n\n\n<p>&nbsp;<strong>II<\/strong><\/p>\n\n\n\n<p>Interesante el dato revelado ayer por el gobernador Alfonso Durazo durante la Expo Desarrollo Inmobiliario 2024 que se llev\u00f3 a cabo en la Ciudad de M\u00e9xico, donde dijo que Sonora se encuentra entre los 10 estados con mejores indicadores en materia de edificaci\u00f3n de vivienda, edificios industriales, comerciales, de servicios, escuelas, hospitales y obras.<\/p>\n\n\n\n<p>&nbsp;El dato es importante porque refleja el dinamismo de un sector como el de la construcci\u00f3n, que suele ser referencia para medir el potencial de la actividad econ\u00f3mica en las sociedades.<\/p>\n\n\n\n<p>Pero es particularmente relevante cuando ese potencial se desarrolla desde una perspectiva social, como es el caso de la construcci\u00f3n de vivienda para los sectores menos favorecidos econ\u00f3micamente, como fue el tema central en la agenda de este encuentro que congreg\u00f3 a empresarios del sector de la construcci\u00f3n de todo el pa\u00eds.<\/p>\n\n\n\n<p>En este encuentro particip\u00f3 Jaime Fasja, presidente de la Asociaci\u00f3n de Desarrolladores Inmobiliarios (ADI), el m\u00e1ximo organismo del sector integrado por 78 de los desarrolladores m\u00e1s importantes del pa\u00eds y cuyo objetivo es impulsar el progreso urbano integral.<\/p>\n\n\n\n<p>&nbsp;Ah\u00ed el gobernador expuso las acciones que se est\u00e1n llevando a cabo en Sonora para la edificaci\u00f3n de casas y para que la poblaci\u00f3n pueda acceder a ellas.<\/p>\n\n\n\n<p><strong>&nbsp;Tambi\u00e9n me puedes seguir en Twitter @Chaposoto<\/strong><\/p>\n\n\n\n<p><strong>Visita www.elzancudo.com.mx<\/strong><\/p>\n","protected":false},"excerpt":{"rendered":"<p>Columna El Zancudo Arturo Soto Mungu\u00eda Ciudadanizar la pol\u00edtica Jueves 16 de mayo de 2024 Estar\u00e1 usted de acuerdo, encampa\u00f1ado lector, esc\u00e9ptica lectora que de un tiempo a la fecha a nuestra inmaculada clase pol\u00edtica le ha dado por poner de moda palabras y\/o frases que a la postre terminan significando nada, o cuando mucho [&hellip;]<\/p>\n","protected":false},"author":1,"featured_media":11804,"comment_status":"open","ping_status":"open","sticky":false,"template":"","format":"standard","meta":{"content-type":"","footnotes":""},"categories":[125],"tags":[],"class_list":{"0":"post-11803","1":"post","2":"type-post","3":"status-publish","4":"format-standard","5":"has-post-thumbnail","7":"category-arturo-soto-munguia"},"_links":{"self":[{"href":"https:\/\/www.regioncuatronoticias.com\/index.php\/wp-json\/wp\/v2\/posts\/11803","targetHints":{"allow":["GET"]}}],"collection":[{"href":"https:\/\/www.regioncuatronoticias.com\/index.php\/wp-json\/wp\/v2\/posts"}],"about":[{"href":"https:\/\/www.regioncuatronoticias.com\/index.php\/wp-json\/wp\/v2\/types\/post"}],"author":[{"embeddable":true,"href":"https:\/\/www.regioncuatronoticias.com\/index.php\/wp-json\/wp\/v2\/users\/1"}],"replies":[{"embeddable":true,"href":"https:\/\/www.regioncuatronoticias.com\/index.php\/wp-json\/wp\/v2\/comments?post=11803"}],"version-history":[{"count":1,"href":"https:\/\/www.regioncuatronoticias.com\/index.php\/wp-json\/wp\/v2\/posts\/11803\/revisions"}],"predecessor-version":[{"id":11805,"href":"https:\/\/www.regioncuatronoticias.com\/index.php\/wp-json\/wp\/v2\/posts\/11803\/revisions\/11805"}],"wp:featuredmedia":[{"embeddable":true,"href":"https:\/\/www.regioncuatronoticias.com\/index.php\/wp-json\/wp\/v2\/media\/11804"}],"wp:attachment":[{"href":"https:\/\/www.regioncuatronoticias.com\/index.php\/wp-json\/wp\/v2\/media?parent=11803"}],"wp:term":[{"taxonomy":"category","embeddable":true,"href":"https:\/\/www.regioncuatronoticias.com\/index.php\/wp-json\/wp\/v2\/categories?post=11803"},{"taxonomy":"post_tag","embeddable":true,"href":"https:\/\/www.regioncuatronoticias.com\/index.php\/wp-json\/wp\/v2\/tags?post=11803"}],"curies":[{"name":"wp","href":"https:\/\/api.w.org\/{rel}","templated":true}]}}