{"id":11759,"date":"2024-05-15T07:50:45","date_gmt":"2024-05-15T14:50:45","guid":{"rendered":"https:\/\/www.regioncuatronoticias.com\/?p=11759"},"modified":"2024-05-15T07:50:47","modified_gmt":"2024-05-15T14:50:47","slug":"fallece-a-los-92-anos-la-premio-nobel-de-literatura-2013-alice-munro","status":"publish","type":"post","link":"https:\/\/www.regioncuatronoticias.com\/index.php\/2024\/05\/15\/fallece-a-los-92-anos-la-premio-nobel-de-literatura-2013-alice-munro\/","title":{"rendered":"Fallece a los 92 a\u00f1os la premio Nobel de Literatura 2013, Alice Munro"},"content":{"rendered":"\n<p>La premio Nobel de Literatura 2013 Alice Munro falleci\u00f3 la noche del pasado lunes en Ontario, a la edad de 92 a\u00f1os, difundi\u00f3 el diario canadiense The Globe and The Mail.<\/p>\n\n\n\n<p>La escritora nacida en Ontario, en 1931, ha sido la \u00fanica persona de Canad\u00e1 que ha obtenido el m\u00e1ximo galard\u00f3n a las letras mundiales. Saul Bellow (Quebec, 1915-Massachusetts, 2005) lo recibi\u00f3 en 1976 como estadunidense.<\/p>\n\n\n\n<p>Obtuvo el Nobel por su maestr\u00eda en el cuento contempor\u00e1neo, seg\u00fan el jurado de ese premio, adem\u00e1s de su sutil narraci\u00f3n, que se caracteriza por la claridad y el realismo sicol\u00f3gico.<\/p>\n\n\n\n<p>En 2013 la Academia Sueca transmiti\u00f3 un mensaje de la autora, en el contexto de la entrega del reconocimiento, en el que Munro sostuvo: \u201cQuiero mis historias para ser algo en la vida, que las personas digan \u2018oh, no es la verdad\u2019, pero sientan alg\u00fan tipo de recompensa de esa escritura, lo que no significa que tiene que ser un final feliz o algo parecido, pero traslade al lector de tal manera que sienta que es una persona diferente cuando termine\u201d.<\/p>\n","protected":false},"excerpt":{"rendered":"<p>La premio Nobel de Literatura 2013 Alice Munro falleci\u00f3 la noche del pasado lunes en Ontario, a la edad de 92 a\u00f1os, difundi\u00f3 el diario canadiense The Globe and The Mail. La escritora nacida en Ontario, en 1931, ha sido la \u00fanica persona de Canad\u00e1 que ha obtenido el m\u00e1ximo galard\u00f3n a las letras mundiales. [&hellip;]<\/p>\n","protected":false},"author":1,"featured_media":11760,"comment_status":"open","ping_status":"open","sticky":false,"template":"","format":"standard","meta":{"content-type":"","footnotes":""},"categories":[112],"tags":[],"class_list":{"0":"post-11759","1":"post","2":"type-post","3":"status-publish","4":"format-standard","5":"has-post-thumbnail","7":"category-cultura"},"_links":{"self":[{"href":"https:\/\/www.regioncuatronoticias.com\/index.php\/wp-json\/wp\/v2\/posts\/11759","targetHints":{"allow":["GET"]}}],"collection":[{"href":"https:\/\/www.regioncuatronoticias.com\/index.php\/wp-json\/wp\/v2\/posts"}],"about":[{"href":"https:\/\/www.regioncuatronoticias.com\/index.php\/wp-json\/wp\/v2\/types\/post"}],"author":[{"embeddable":true,"href":"https:\/\/www.regioncuatronoticias.com\/index.php\/wp-json\/wp\/v2\/users\/1"}],"replies":[{"embeddable":true,"href":"https:\/\/www.regioncuatronoticias.com\/index.php\/wp-json\/wp\/v2\/comments?post=11759"}],"version-history":[{"count":1,"href":"https:\/\/www.regioncuatronoticias.com\/index.php\/wp-json\/wp\/v2\/posts\/11759\/revisions"}],"predecessor-version":[{"id":11761,"href":"https:\/\/www.regioncuatronoticias.com\/index.php\/wp-json\/wp\/v2\/posts\/11759\/revisions\/11761"}],"wp:featuredmedia":[{"embeddable":true,"href":"https:\/\/www.regioncuatronoticias.com\/index.php\/wp-json\/wp\/v2\/media\/11760"}],"wp:attachment":[{"href":"https:\/\/www.regioncuatronoticias.com\/index.php\/wp-json\/wp\/v2\/media?parent=11759"}],"wp:term":[{"taxonomy":"category","embeddable":true,"href":"https:\/\/www.regioncuatronoticias.com\/index.php\/wp-json\/wp\/v2\/categories?post=11759"},{"taxonomy":"post_tag","embeddable":true,"href":"https:\/\/www.regioncuatronoticias.com\/index.php\/wp-json\/wp\/v2\/tags?post=11759"}],"curies":[{"name":"wp","href":"https:\/\/api.w.org\/{rel}","templated":true}]}}