{"id":11621,"date":"2024-05-13T21:16:54","date_gmt":"2024-05-14T04:16:54","guid":{"rendered":"https:\/\/www.regioncuatronoticias.com\/?p=11621"},"modified":"2024-05-13T21:16:57","modified_gmt":"2024-05-14T04:16:57","slug":"ine-resuelve-que-lilly-tellez-debe-dejar-de-participar-en-un-noticiero-de-radio-porque-afecta-la-equidad-de-la-eleccion","status":"publish","type":"post","link":"https:\/\/www.regioncuatronoticias.com\/index.php\/2024\/05\/13\/ine-resuelve-que-lilly-tellez-debe-dejar-de-participar-en-un-noticiero-de-radio-porque-afecta-la-equidad-de-la-eleccion\/","title":{"rendered":"INE resuelve que Lilly T\u00e9llez debe dejar de participar en un noticiero de radio porque afecta la equidad de la elecci\u00f3n"},"content":{"rendered":"\n<p>La Comisi\u00f3n de Quejas y Denuncias del Instituto Nacional Electoral (INE) determin\u00f3 que la candidata del PAN al Senado de la Rep\u00fablica, Lilly T\u00e9llez, incurri\u00f3 en sobreexposici\u00f3n de su imagen, por lo que orden\u00f3 suspender su participaci\u00f3n en un programa de noticias en radio.<\/p>\n\n\n\n<p>Dos candidatos al Senado de la Rep\u00fablica por Sonora presentaron una queja en contra del PAN, PRI y PRD, as\u00ed como Lilly T\u00e9llez, por la participaci\u00f3n como colaboradora de esta \u00faltima en el programa conocido como Ciro G\u00f3mez Leyva por la ma\u00f1ana.<\/p>\n\n\n\n<p>Los integrantes de la comisi\u00f3n, Claudia Zavala, Arturo Castillo y Rita Bell, otorgaron la medida cautelar solicitada al considerar que existen elementos suficientes para determinar una sobreexposici\u00f3n de T\u00e9llez por su participaci\u00f3n e intervenci\u00f3n en el programa.<\/p>\n\n\n\n<p>Consideraron que pudiera contravenir el principio de equidad en la contienda electoral por una posible adquisici\u00f3n de tiempo en radio.<\/p>\n\n\n\n<p>Por ello, ordenaron a la candidata a senadora suspender de inmediato sus intervenciones en el espacio radiof\u00f3nico de \u201cCiro G\u00f3mez Leyva por la ma\u00f1ana\u201d mientras se desarrolla la etapa de campa\u00f1a y periodo de reflexi\u00f3n del proceso electoral en curso.<\/p>\n\n\n\n<p>Sin embargo, determinaron improcedente eliminar de las diversas plataformas digitales del medio de comunicaci\u00f3n todos los programas donde particip\u00f3 Lilly T\u00e9llez desde el 18 de diciembre del 2023.<\/p>\n\n\n\n<p>Sobre el supuesto fraude a la ley, la Comisi\u00f3n de Quejas consider\u00f3 que ser\u00e1 analizado por la Sala Regional Especializada del Tribunal Electoral del Poder Judicial de la Federaci\u00f3n (TEPJF).<\/p>\n\n\n\n<p>Sigue leyendo: Resultan heridos 26 polic\u00edas de la CDMX por esquirlas y petardos lanzados por manifestantes a Palacio Nacional<\/p>\n\n\n\n<p>Hace una semana, T\u00e9llez aplaudi\u00f3 la medalla de oro que consigui\u00f3 la Selecci\u00f3n Mexicana de Nataci\u00f3n Art\u00edstica el viernes pasado en la prueba t\u00e9cnica de la Copa del Mundo de la especialidad que se lleva a cabo en Par\u00eds, Francia.<\/p>\n\n\n\n<p>Tras compartir en sus redes sociales la rutina con la que el equipo nacional subi\u00f3 al podio en el primer lugar tras superar a China y Espa\u00f1a, la sonorense destac\u00f3 que las nadadoras se han sobrepuesto a la falta de apoyo y ataques de la directora de la Comisi\u00f3n Nacional del Deporte (Conade), Ana Gabriela Guevara.<\/p>\n","protected":false},"excerpt":{"rendered":"<p>La Comisi\u00f3n de Quejas y Denuncias del Instituto Nacional Electoral (INE) determin\u00f3 que la candidata del PAN al Senado de la Rep\u00fablica, Lilly T\u00e9llez, incurri\u00f3 en sobreexposici\u00f3n de su imagen, por lo que orden\u00f3 suspender su participaci\u00f3n en un programa de noticias en radio. Dos candidatos al Senado de la Rep\u00fablica por Sonora presentaron una [&hellip;]<\/p>\n","protected":false},"author":1,"featured_media":11622,"comment_status":"open","ping_status":"open","sticky":false,"template":"","format":"standard","meta":{"content-type":"","footnotes":""},"categories":[123],"tags":[],"class_list":{"0":"post-11621","1":"post","2":"type-post","3":"status-publish","4":"format-standard","5":"has-post-thumbnail","7":"category-elecciones2024"},"_links":{"self":[{"href":"https:\/\/www.regioncuatronoticias.com\/index.php\/wp-json\/wp\/v2\/posts\/11621","targetHints":{"allow":["GET"]}}],"collection":[{"href":"https:\/\/www.regioncuatronoticias.com\/index.php\/wp-json\/wp\/v2\/posts"}],"about":[{"href":"https:\/\/www.regioncuatronoticias.com\/index.php\/wp-json\/wp\/v2\/types\/post"}],"author":[{"embeddable":true,"href":"https:\/\/www.regioncuatronoticias.com\/index.php\/wp-json\/wp\/v2\/users\/1"}],"replies":[{"embeddable":true,"href":"https:\/\/www.regioncuatronoticias.com\/index.php\/wp-json\/wp\/v2\/comments?post=11621"}],"version-history":[{"count":1,"href":"https:\/\/www.regioncuatronoticias.com\/index.php\/wp-json\/wp\/v2\/posts\/11621\/revisions"}],"predecessor-version":[{"id":11623,"href":"https:\/\/www.regioncuatronoticias.com\/index.php\/wp-json\/wp\/v2\/posts\/11621\/revisions\/11623"}],"wp:featuredmedia":[{"embeddable":true,"href":"https:\/\/www.regioncuatronoticias.com\/index.php\/wp-json\/wp\/v2\/media\/11622"}],"wp:attachment":[{"href":"https:\/\/www.regioncuatronoticias.com\/index.php\/wp-json\/wp\/v2\/media?parent=11621"}],"wp:term":[{"taxonomy":"category","embeddable":true,"href":"https:\/\/www.regioncuatronoticias.com\/index.php\/wp-json\/wp\/v2\/categories?post=11621"},{"taxonomy":"post_tag","embeddable":true,"href":"https:\/\/www.regioncuatronoticias.com\/index.php\/wp-json\/wp\/v2\/tags?post=11621"}],"curies":[{"name":"wp","href":"https:\/\/api.w.org\/{rel}","templated":true}]}}