{"id":11584,"date":"2024-05-13T20:56:51","date_gmt":"2024-05-14T03:56:51","guid":{"rendered":"https:\/\/www.regioncuatronoticias.com\/?p=11584"},"modified":"2024-05-13T20:56:53","modified_gmt":"2024-05-14T03:56:53","slug":"el-inah-dedicara-un-homenaje-a-la-museografa-rosa-estela-reyes-garcia","status":"publish","type":"post","link":"https:\/\/www.regioncuatronoticias.com\/index.php\/2024\/05\/13\/el-inah-dedicara-un-homenaje-a-la-museografa-rosa-estela-reyes-garcia\/","title":{"rendered":"El INAH dedicar\u00e1 un homenaje a la muse\u00f3grafa Rosa Estela Reyes Garc\u00eda"},"content":{"rendered":"\n<p>La muse\u00f3grafa Rosa Estela Reyes Garc\u00eda, quien hace casi 50 a\u00f1os ingres\u00f3 al Instituto Nacional de Antropolog\u00eda e Historia (INAH), recibir\u00e1 un homenaje el 16 de mayo en el Museo Nacional de Antropolog\u00eda (MNA), por su invaluable contribuci\u00f3n en la promoci\u00f3n y preservaci\u00f3n del patrimonio cultural mexicano.<\/p>\n\n\n\n<p>En entrevista con La Jornada, la actual directora del Centro INAH Quer\u00e9taro manifest\u00f3 su orgullo y reconocimiento hacia el instituto, al que calific\u00f3 de \u201ccolumna vertebral del acervo nacional, as\u00ed como de la cultura, la identidad y la memoria.<\/p>\n\n\n\n<p>\u201cFue el primero de marzo de 1975 cuando ingres\u00e9 al INAH. Me siento agradecida con la vida, adem\u00e1s de que mantengo viva la llama de la gratitud y del amor por los museos, as\u00ed como por nuestro patrimonio nacional.<\/p>\n\n\n\n<p>\u201cLa gala conmemorativa, adscrita al D\u00eda Internacional de los Museos \u2013proclamado el 18 de mayo por el Consejo Internacional de Museos\u2013, tambi\u00e9n estar\u00e1 dedicada al colega Jos\u00e9 Enrique Ortiz Lanz, reconocido muse\u00f3grafo y arquitecto.<\/p>\n\n\n\n<p>\u201cMe da gusto formar parte de este acto porque puedo ser apapachada por la red de colegas apasionados de los museos, pero, por otro lado, me da pena, debido a que cuando me desempe\u00f1\u00e9 como coordinadora de museograf\u00eda, en el entonces Museo Nacional de las Culturas, me negaba a que pusieran mi nombre en las invitaciones o en los boletines de las exposiciones, ya que creo firmemente que el trabajo museogr\u00e1fico es una labor colectiva.<\/p>\n\n\n\n<p>\u201cLa raz\u00f3n es que soy de una generaci\u00f3n en la que luchamos por los proyectos sociales, colectivos y humanos; no era necesario ser el l\u00edder del grupo, sino que, en esencia, todos somos importantes. Deseaba que en cada documento aparecieran los nombres del equipo de museograf\u00eda.<\/p>\n\n\n\n<p>Esta es una oportunidad para que este reconocimiento se extienda a toda la comunidad que ha trabajado conmigo desde hace tantos a\u00f1os: muse\u00f3grafos, investigadores, gestores, funcionarios, trabajadores del INAH y profesionales de las industrias creativas.<\/p>\n\n\n\n<p>Egresada de la Facultad de Ciencias Pol\u00edticas y Sociales de la Universidad Nacional Aut\u00f3noma de M\u00e9xico, Rosa Estela Reyes permaneci\u00f3 por dos d\u00e9cadas en el Museo Nacional de las Culturas del Mundo, donde particip\u00f3 en numerosos proyectos, como exposiciones internacionales, adem\u00e1s de la red de museos del INAH, integrada por 162 recintos que dan cuenta de un pasaje de la historia nacional o estatal, o bien que refuerzan los conocimientos sobre una localidad, un sitio hist\u00f3rico o arqueol\u00f3gico importante.<\/p>\n\n\n\n<p>Desde 1995 hasta 2010 asumi\u00f3 la direcci\u00f3n del Museo Regional de Quer\u00e9taro, ubicado en uno de los edificios m\u00e1s significativos de la capital queretana, el convento Grande de San Francisco, con una historia iniciada hacia 1540, ligada a la Conquista y al poblamiento emprendido por los caciques otom\u00edes y los frailes de la orden franciscana, seg\u00fan se informa en la cuenta de Facebook del recinto.<\/p>\n\n\n\n<p>\u201cCon los museos tambi\u00e9n reafirmamos los conocimientos de los estudiantes que cursaban la educaci\u00f3n b\u00e1sica. A\u00f1os despu\u00e9s, comprobamos que los visitantes acuden a \u00e9stos con varias expectativas, entre ellas el conocimiento, el ocio, el disfrute y el \u2018goce intelectual\u2019, t\u00e9rmino que engloba la reflexi\u00f3n, pues son espacios seguros para sostener conversaciones dif\u00edciles\u201d, a\u00f1adi\u00f3 Reyes Garc\u00eda (Durango, 1958).<\/p>\n\n\n\n<p>Tres ejes esenciales<\/p>\n\n\n\n<p>En 2017 fue nombrada titular del Centro INAH Quer\u00e9taro, en sustituci\u00f3n de Manuel Naredo. La designaci\u00f3n fue hecha por Jos\u00e9 Mu\u00f1oz Bonilla, coordinador nacional de Centros INAH, en representaci\u00f3n de Diego Prieto Hern\u00e1ndez, director del INAH.<\/p>\n\n\n\n<p>\u201cLa interdisciplina, la interinstitucionalidad y el trabajo con las comunidades han sido los ejes que han guiado mi trabajo en el Centro INAH Quer\u00e9taro; gracias a ellos hemos logrado colaboraciones sin precedente con los tres niveles de gobierno que nos han permitido el cuidado del patrimonio de manera compartida y corresponsable.<\/p>\n\n\n\n<p>\u201cCon esta visi\u00f3n, hemos logrado incidir en los planes de desarrollo urbano del municipio de Quer\u00e9taro y de otros cercanos a la ciudad, adem\u00e1s de que contribuimos a que el INAH sea considerado actor de importancia en la planeaci\u00f3n y desarrollo de los proyectos que construyen el futuro de nuestro estado.<\/p>\n\n\n\n<p>El INAH es una instituci\u00f3n \u00fanica y poderosa. En el mundo no hay una instancia semejante; \u00e9sta se ubica en la vanguardia en materia de conservaci\u00f3n de zonas arqueol\u00f3gicas, museos, centros hist\u00f3ricos, as\u00ed como todo lo que tiene qu\u00e9 ver con los pueblos ind\u00edgenas; por ejemplo, sus lenguas, puntualiz\u00f3 la muse\u00f3grafa.<\/p>\n\n\n\n<p>\u201cNo todo ha sido miel sobre hojuelas, ya que hemos enfrentado problemas econ\u00f3micos y laborales, aunque siempre logramos concluir los proyectos. En este momento realizamos una campa\u00f1a de dignificaci\u00f3n en la zona rocosa de Pe\u00f1a de Bernal, debido a que la falta de lluvia, la sequ\u00eda y el turismo exacerbado dificultan su conservaci\u00f3n.<\/p>\n\n\n\n<p>\u201cSin embargo, el INAH ha organizado mesas de trabajo en las que participan las comunidades originarias, que son de vital importancia, aunado a que cada proyecto tiene la mirada del arque\u00f3logo, del restaurador, del arquitecto y del antrop\u00f3logo, lo cual representa un abanico de soluciones mucho m\u00e1s amplio.<\/p>\n\n\n\n<p>Dedicarme a los museos ha sido una satisfacci\u00f3n personal y profesional maravillosa, porque desde \u00e9stos podemos tener relaciones humanas muy fraternas y solidarias. Este reconocimiento no es individual, sino colectivo, ya que tambi\u00e9n incluyo al p\u00fablico que nos visita, concluy\u00f3.<\/p>\n\n\n\n<p>La doctora en antropolog\u00eda A\u00edda Castilleja Gonz\u00e1lez, la historiadora Mar\u00eda Teresa Franco, el doctor en arqueolog\u00eda Manuel G\u00e1ndara, el antrop\u00f3logo Diego Prieto Hern\u00e1ndez y el arquitecto Bernardo Sarvide Primo son algunos de los participantes del homenaje dedicado a Rosa Estela Reyes Garc\u00eda y Jos\u00e9 Enrique Ortiz Lanz, que tendr\u00e1 lugar el 16 de mayo a las 11 horas en el auditorio Jaime Torres Bodet del Museo Nacional de Antropolog\u00eda (Paseo de la Reforma y Gandhi, Bosque de Chapultepec, colonia Polanco).<\/p>\n","protected":false},"excerpt":{"rendered":"<p>La muse\u00f3grafa Rosa Estela Reyes Garc\u00eda, quien hace casi 50 a\u00f1os ingres\u00f3 al Instituto Nacional de Antropolog\u00eda e Historia (INAH), recibir\u00e1 un homenaje el 16 de mayo en el Museo Nacional de Antropolog\u00eda (MNA), por su invaluable contribuci\u00f3n en la promoci\u00f3n y preservaci\u00f3n del patrimonio cultural mexicano. En entrevista con La Jornada, la actual directora [&hellip;]<\/p>\n","protected":false},"author":1,"featured_media":11585,"comment_status":"open","ping_status":"open","sticky":false,"template":"","format":"standard","meta":{"content-type":"","footnotes":""},"categories":[112],"tags":[],"class_list":{"0":"post-11584","1":"post","2":"type-post","3":"status-publish","4":"format-standard","5":"has-post-thumbnail","7":"category-cultura"},"_links":{"self":[{"href":"https:\/\/www.regioncuatronoticias.com\/index.php\/wp-json\/wp\/v2\/posts\/11584","targetHints":{"allow":["GET"]}}],"collection":[{"href":"https:\/\/www.regioncuatronoticias.com\/index.php\/wp-json\/wp\/v2\/posts"}],"about":[{"href":"https:\/\/www.regioncuatronoticias.com\/index.php\/wp-json\/wp\/v2\/types\/post"}],"author":[{"embeddable":true,"href":"https:\/\/www.regioncuatronoticias.com\/index.php\/wp-json\/wp\/v2\/users\/1"}],"replies":[{"embeddable":true,"href":"https:\/\/www.regioncuatronoticias.com\/index.php\/wp-json\/wp\/v2\/comments?post=11584"}],"version-history":[{"count":1,"href":"https:\/\/www.regioncuatronoticias.com\/index.php\/wp-json\/wp\/v2\/posts\/11584\/revisions"}],"predecessor-version":[{"id":11586,"href":"https:\/\/www.regioncuatronoticias.com\/index.php\/wp-json\/wp\/v2\/posts\/11584\/revisions\/11586"}],"wp:featuredmedia":[{"embeddable":true,"href":"https:\/\/www.regioncuatronoticias.com\/index.php\/wp-json\/wp\/v2\/media\/11585"}],"wp:attachment":[{"href":"https:\/\/www.regioncuatronoticias.com\/index.php\/wp-json\/wp\/v2\/media?parent=11584"}],"wp:term":[{"taxonomy":"category","embeddable":true,"href":"https:\/\/www.regioncuatronoticias.com\/index.php\/wp-json\/wp\/v2\/categories?post=11584"},{"taxonomy":"post_tag","embeddable":true,"href":"https:\/\/www.regioncuatronoticias.com\/index.php\/wp-json\/wp\/v2\/tags?post=11584"}],"curies":[{"name":"wp","href":"https:\/\/api.w.org\/{rel}","templated":true}]}}