{"id":11109,"date":"2024-05-08T02:34:15","date_gmt":"2024-05-08T09:34:15","guid":{"rendered":"https:\/\/www.regioncuatronoticias.com\/?p=11109"},"modified":"2024-05-08T02:34:17","modified_gmt":"2024-05-08T09:34:17","slug":"con-mas-patrullas-electricas-y-camaras-de-video-vigilancia-blindara-hermosillo-tono-astiazaran","status":"publish","type":"post","link":"https:\/\/www.regioncuatronoticias.com\/index.php\/2024\/05\/08\/con-mas-patrullas-electricas-y-camaras-de-video-vigilancia-blindara-hermosillo-tono-astiazaran\/","title":{"rendered":"Con m\u00e1s patrullas el\u00e9ctricas y c\u00e1maras de video-vigilancia blindar\u00e1 Hermosillo To\u00f1o Astiazar\u00e1n"},"content":{"rendered":"\n<p><strong>-Tambi\u00e9n en seguridad p\u00fablica ser\u00e1 el mejor Hermosillo de la historia<\/strong><\/p>\n\n\n\n<p>Hermosillo, Sonora, mayo 7 de 2024.- El candidato a presidente municipal de Hermosillo por un segundo per\u00edodo, Antonio &#8220;To\u00f1o&#8221; Astiazar\u00e1n, refrend\u00f3 su compromiso de profundizar avances logrados en seguridad p\u00fablica e implementar acciones para blindar m\u00e1s el municipio, que es ya el m\u00e1s seguro de Sonora y el segundo en el pa\u00eds que m\u00e1s redujo la percepci\u00f3n de inseguridad.<\/p>\n\n\n\n<p>Hermosillo requiere continuar por la ruta del cambio y la transformaci\u00f3n en los pr\u00f3ximos 3 a\u00f1os, dijo To\u00f1o Astiazar\u00e1n, al describir acciones como sumar 80 patrullas el\u00e9ctricas a la polic\u00eda municipal, instalaci\u00f3n de 500 c\u00e1maras de video vigilancia, m\u00e1s centros de respuesta inmediata y corredores de Camina Segura.<\/p>\n\n\n\n<p>En las instalaciones de la C\u00e1mara Nacional de la Industria de la Transformaci\u00f3n&nbsp; (Canacintra) en Hermosillo, &#8220;To\u00f1o&#8221; Astiazar\u00e1n dialog\u00f3 con representantes de organizaciones sociales, c\u00e1maras empresarias e integrantes de los consejos ciudadanos municipal y estatal de seguridad p\u00fablica.<\/p>\n\n\n\n<p>\u201cSomos el segundo lugar en empleo despu\u00e9s de Monterrey, somos el segundo lugar en la reducci\u00f3n de percepci\u00f3n de inseguridad, somos la ciudad m\u00e1s segura de Sonora. Hemos logrado avanzar mucho en rehabilitaci\u00f3n de calles, nos falta m\u00e1s pero hemos estado dando pasos importantes\u201d, agreg\u00f3.<\/p>\n\n\n\n<p><strong>Representantes de la ciudadan\u00eda presentan evaluaci\u00f3n y propuestas<\/strong><\/p>\n\n\n\n<p>Integrantes del Comit\u00e9 Ciudadano de Seguridad P\u00fablica presentaron avances como reducci\u00f3n en los delitos de alto impacto, percepci\u00f3n de mejora en el servicio de la polic\u00eda de Hermosillo, mayor equipamiento y certificaci\u00f3n a elementos.<\/p>\n\n\n\n<p>\u201cDurante estos tres a\u00f1os hemos construido juntos muchos retos y nos sentimos muy satisfechos de los avances. Hoy Hermosillo est\u00e1 en una posici\u00f3n muy distinta en materia de seguridad, podr\u00edamos decir que es una isla no solamente en Sonora sino a nivel nacional\u201d, destac\u00f3 Marco Paz integrante del Comit\u00e9.<\/p>\n\n\n\n<p>Presentaron propuestas como profesionalizaci\u00f3n de la polic\u00eda y el fortalecimiento del Comit\u00e9 Ciudadano de Seguridad P\u00fablica y el Patronato de la Polic\u00eda Municipal, entre otros.<\/p>\n\n\n\n<p>El candidato de Fuerza y Coraz\u00f3n por Sonora del Partido Acci\u00f3n Nacional, Partido Revolucionario Institucional, y Partido de la Revoluci\u00f3n Democr\u00e1tica fue recibido por Juan \u00c1lvaro Corral, presidente de Canacintra Hermosillo, e integrantes de los Comit\u00e9s Ciudadano estatal y local de Seguridad P\u00fablica, Francisco D\u00edaz Brown y F\u00e9lix Tonella.<\/p>\n\n\n\n<p>Asisti\u00f3 tambi\u00e9n la candidata a diputada local por el distrito 11, Isela Montes de Oca de Fuerza y Coraz\u00f3n por Sonora.<\/p>\n","protected":false},"excerpt":{"rendered":"<p>-Tambi\u00e9n en seguridad p\u00fablica ser\u00e1 el mejor Hermosillo de la historia Hermosillo, Sonora, mayo 7 de 2024.- El candidato a presidente municipal de Hermosillo por un segundo per\u00edodo, Antonio &#8220;To\u00f1o&#8221; Astiazar\u00e1n, refrend\u00f3 su compromiso de profundizar avances logrados en seguridad p\u00fablica e implementar acciones para blindar m\u00e1s el municipio, que es ya el m\u00e1s seguro [&hellip;]<\/p>\n","protected":false},"author":1,"featured_media":11110,"comment_status":"open","ping_status":"open","sticky":false,"template":"","format":"standard","meta":{"content-type":"","footnotes":""},"categories":[123,8],"tags":[],"class_list":{"0":"post-11109","1":"post","2":"type-post","3":"status-publish","4":"format-standard","5":"has-post-thumbnail","7":"category-elecciones2024","8":"category-hermosillo"},"_links":{"self":[{"href":"https:\/\/www.regioncuatronoticias.com\/index.php\/wp-json\/wp\/v2\/posts\/11109","targetHints":{"allow":["GET"]}}],"collection":[{"href":"https:\/\/www.regioncuatronoticias.com\/index.php\/wp-json\/wp\/v2\/posts"}],"about":[{"href":"https:\/\/www.regioncuatronoticias.com\/index.php\/wp-json\/wp\/v2\/types\/post"}],"author":[{"embeddable":true,"href":"https:\/\/www.regioncuatronoticias.com\/index.php\/wp-json\/wp\/v2\/users\/1"}],"replies":[{"embeddable":true,"href":"https:\/\/www.regioncuatronoticias.com\/index.php\/wp-json\/wp\/v2\/comments?post=11109"}],"version-history":[{"count":1,"href":"https:\/\/www.regioncuatronoticias.com\/index.php\/wp-json\/wp\/v2\/posts\/11109\/revisions"}],"predecessor-version":[{"id":11111,"href":"https:\/\/www.regioncuatronoticias.com\/index.php\/wp-json\/wp\/v2\/posts\/11109\/revisions\/11111"}],"wp:featuredmedia":[{"embeddable":true,"href":"https:\/\/www.regioncuatronoticias.com\/index.php\/wp-json\/wp\/v2\/media\/11110"}],"wp:attachment":[{"href":"https:\/\/www.regioncuatronoticias.com\/index.php\/wp-json\/wp\/v2\/media?parent=11109"}],"wp:term":[{"taxonomy":"category","embeddable":true,"href":"https:\/\/www.regioncuatronoticias.com\/index.php\/wp-json\/wp\/v2\/categories?post=11109"},{"taxonomy":"post_tag","embeddable":true,"href":"https:\/\/www.regioncuatronoticias.com\/index.php\/wp-json\/wp\/v2\/tags?post=11109"}],"curies":[{"name":"wp","href":"https:\/\/api.w.org\/{rel}","templated":true}]}}