{"id":10976,"date":"2024-05-06T09:08:12","date_gmt":"2024-05-06T16:08:12","guid":{"rendered":"https:\/\/www.regioncuatronoticias.com\/?p=10976"},"modified":"2024-05-06T09:08:16","modified_gmt":"2024-05-06T16:08:16","slug":"buhos-de-unison-piden-plan-para-avanzar-en-cierre-del-semestre","status":"publish","type":"post","link":"https:\/\/www.regioncuatronoticias.com\/index.php\/2024\/05\/06\/buhos-de-unison-piden-plan-para-avanzar-en-cierre-del-semestre\/","title":{"rendered":"B\u00fahos de Unison piden plan para avanzar en cierre del semestre"},"content":{"rendered":"\n<p>HERMOSILLO, SONORA.- Los estudiantes for\u00e1neos son los m\u00e1s afectados por la huelga que se mantiene por parte del Sindicato de Trabajadores y Empleados de la Universidad de Sonora, estudiantes piden un plan para avanzar en el cierre del semestre. Pa\u00fal Medell\u00edn, secretario general de la Asociaci\u00f3n de Estudiantes Universitarios de Sonora (Adeus), indic\u00f3 que entienden y apoyan las demandas de los trabajadores, pero solicitan a la autoridad universitaria y acad\u00e9micos un acercamiento para ver de qu\u00e9 forma continuar con sus clases.<\/p>\n\n\n\n<p>La rectora dijo que no se perder\u00eda el semestre, que se ver\u00edan estrategias, pero desconocemos cu\u00e1les estrategias, estamos a la espera y ya hemos metido oficios para ver qu\u00e9 estrategia nos van a dar como estudiantes para la recuperaci\u00f3n de actividades\u201d, se\u00f1al\u00f3.<\/p>\n\n\n\n<p>Hubo un acercamiento de parte del Steus con los alumnos para explicarles los protocolos y motivos de la huelga, expuso, pero a pesar de haber enviado oficios a la administraci\u00f3n de la Unison y al Sindicato de Trabajadores Acad\u00e9micos (Staus), no han recibido respuesta.<\/p>\n\n\n\n<p>Aunque el Staus no se encuentra en huelga por solidaridad han suspendido cualquier tipo de clases en l\u00ednea, por lo que la principal petici\u00f3n de estudiantes es que se garantice que podr\u00e1n cerrar el semestre de forma satisfactoria y a tiempo.<\/p>\n\n\n\n<p>FOR\u00c1NEOS LOS M\u00c1S AFECTADOS<\/p>\n\n\n\n<p>Los estudiantes for\u00e1neos sonquienes resultan m\u00e1s afectados con esta situaci\u00f3n, dijoPa\u00fal Medell\u00edn, debido a queest\u00e1n en la incertidumbre de cu\u00e1ndo tendr\u00e1n que regresar de su ciudad de origen. Adem\u00e1s mientras esto sucede, los gastos contin\u00faan.<\/p>\n\n\n\n<p>Hay mucho malestar departe de los for\u00e1neos, porque si tienen que regresar a la universidad es ampliar suscontratos de renta, las vueltaspara ac\u00e1, es una problem\u00e1ticaimportante\u201d, coment\u00f3.<\/p>\n\n\n\n<p>A trav\u00e9s de canales de difusi\u00f3n de WhatsApp los alumnos se han mantenido en contacto y en una encuesta que realizaron cerca del 40% respondi\u00f3 ser for\u00e1nea.<\/p>\n","protected":false},"excerpt":{"rendered":"<p>HERMOSILLO, SONORA.- Los estudiantes for\u00e1neos son los m\u00e1s afectados por la huelga que se mantiene por parte del Sindicato de Trabajadores y Empleados de la Universidad de Sonora, estudiantes piden un plan para avanzar en el cierre del semestre. Pa\u00fal Medell\u00edn, secretario general de la Asociaci\u00f3n de Estudiantes Universitarios de Sonora (Adeus), indic\u00f3 que entienden [&hellip;]<\/p>\n","protected":false},"author":1,"featured_media":10977,"comment_status":"open","ping_status":"open","sticky":false,"template":"","format":"standard","meta":{"content-type":"","footnotes":""},"categories":[9],"tags":[],"class_list":{"0":"post-10976","1":"post","2":"type-post","3":"status-publish","4":"format-standard","5":"has-post-thumbnail","7":"category-sonora"},"_links":{"self":[{"href":"https:\/\/www.regioncuatronoticias.com\/index.php\/wp-json\/wp\/v2\/posts\/10976","targetHints":{"allow":["GET"]}}],"collection":[{"href":"https:\/\/www.regioncuatronoticias.com\/index.php\/wp-json\/wp\/v2\/posts"}],"about":[{"href":"https:\/\/www.regioncuatronoticias.com\/index.php\/wp-json\/wp\/v2\/types\/post"}],"author":[{"embeddable":true,"href":"https:\/\/www.regioncuatronoticias.com\/index.php\/wp-json\/wp\/v2\/users\/1"}],"replies":[{"embeddable":true,"href":"https:\/\/www.regioncuatronoticias.com\/index.php\/wp-json\/wp\/v2\/comments?post=10976"}],"version-history":[{"count":1,"href":"https:\/\/www.regioncuatronoticias.com\/index.php\/wp-json\/wp\/v2\/posts\/10976\/revisions"}],"predecessor-version":[{"id":10978,"href":"https:\/\/www.regioncuatronoticias.com\/index.php\/wp-json\/wp\/v2\/posts\/10976\/revisions\/10978"}],"wp:featuredmedia":[{"embeddable":true,"href":"https:\/\/www.regioncuatronoticias.com\/index.php\/wp-json\/wp\/v2\/media\/10977"}],"wp:attachment":[{"href":"https:\/\/www.regioncuatronoticias.com\/index.php\/wp-json\/wp\/v2\/media?parent=10976"}],"wp:term":[{"taxonomy":"category","embeddable":true,"href":"https:\/\/www.regioncuatronoticias.com\/index.php\/wp-json\/wp\/v2\/categories?post=10976"},{"taxonomy":"post_tag","embeddable":true,"href":"https:\/\/www.regioncuatronoticias.com\/index.php\/wp-json\/wp\/v2\/tags?post=10976"}],"curies":[{"name":"wp","href":"https:\/\/api.w.org\/{rel}","templated":true}]}}