{"id":10970,"date":"2024-05-06T09:05:35","date_gmt":"2024-05-06T16:05:35","guid":{"rendered":"https:\/\/www.regioncuatronoticias.com\/?p=10970"},"modified":"2024-05-06T09:05:36","modified_gmt":"2024-05-06T16:05:36","slug":"acusa-amlo-a-la-unam-de-proteger-a-pseudointelectuales-del-antiguo-regimen","status":"publish","type":"post","link":"https:\/\/www.regioncuatronoticias.com\/index.php\/2024\/05\/06\/acusa-amlo-a-la-unam-de-proteger-a-pseudointelectuales-del-antiguo-regimen\/","title":{"rendered":"Acusa AMLO a la UNAM de proteger a \u201cpseudointelectuales\u201d del antiguo r\u00e9gimen"},"content":{"rendered":"\n<p>Ciudad de M\u00e9xico. La Universidad Nacional Aut\u00f3noma de M\u00e9xico (UNAM) ha protegido a muchos de los \u201cseudointelectuales\u201d del antiguo r\u00e9gimen y de los vicios. \u201cAhora son los que mandan en la rector\u00eda\u201d, se\u00f1al\u00f3 esta ma\u00f1ana el presidente Andr\u00e9s Manuel L\u00f3pez Obrador.<\/p>\n\n\n\n<p>En la ma\u00f1anera de este lunes, al hablar de algunos de los personajes a quienes ha llamado \u201cintelectuales org\u00e1nicos\u201d, el mandatario indic\u00f3 que algunos cient\u00edficos que realizaron \u201ccorruptelas\u201d en el Consejo Nacional de Humanidades, Ciencia y Tecnolog\u00eda (Conahcyt) \u201cfueron a refugiarse a la UNAM\u201d.<\/p>\n\n\n\n<p>Se\u00f1al\u00f3 que son los mismos que han estado en contra de su administraci\u00f3n, incluido el proceso para enfrentar la pandemia por Covid-19.<\/p>\n\n\n\n<p>\u201cEs cosa de ver qui\u00e9nes aparecen, y son los mismos que estuvieron en contra de nosotros desde que empezamos a enfrentar la pandemia o de quienes pertenec\u00edan a estos grupos de intelectuales org\u00e1nicos, los que estaban en el Conahcyt, de todas las corruptelas que llevaron a cabo estos seudocient\u00edficos en el Conacyt, que fueron a refugiarse a la UNAM, mi alma mater. Me da una pena.<\/p>\n\n\n\n<p>\u201cPorque ya del antiguo r\u00e9gimen y de los vicios, ya la UNAM se ha encargado \u00faltimamente de protegerlos. Huno uno de estos seudocient\u00edficos, acusado de malversaci\u00f3n de fondos, lo suspenden, y se va creo que de consejero a la UNAM\u201d.<\/p>\n\n\n\n<p>El jefe del Ejecutivo resalt\u00f3 que tambi\u00e9n muchos de los consejeros y ex consejeros del Instituto Nacional Electoral (INE), \u201ctambi\u00e9n surgen ah\u00ed, de la UNAM, y ahora son los que mandan en la rector\u00eda de la UNAM, respeto la autonom\u00eda de mi universidad, pero soy m\u00e1s partidario de la verdad\u201d.<\/p>\n\n\n\n<p>Esto \u00faltimo en alusi\u00f3n a que el actual rector universitario, Leonardo Lomel\u00ed, pertenece al mismo grupo de investigadores en el que estuvo el ex consejero del INE, Ciro Murayama.<\/p>\n","protected":false},"excerpt":{"rendered":"<p>Ciudad de M\u00e9xico. La Universidad Nacional Aut\u00f3noma de M\u00e9xico (UNAM) ha protegido a muchos de los \u201cseudointelectuales\u201d del antiguo r\u00e9gimen y de los vicios. \u201cAhora son los que mandan en la rector\u00eda\u201d, se\u00f1al\u00f3 esta ma\u00f1ana el presidente Andr\u00e9s Manuel L\u00f3pez Obrador. En la ma\u00f1anera de este lunes, al hablar de algunos de los personajes a [&hellip;]<\/p>\n","protected":false},"author":1,"featured_media":10971,"comment_status":"open","ping_status":"open","sticky":false,"template":"","format":"standard","meta":{"content-type":"","footnotes":""},"categories":[3],"tags":[],"class_list":{"0":"post-10970","1":"post","2":"type-post","3":"status-publish","4":"format-standard","5":"has-post-thumbnail","7":"category-mexico"},"_links":{"self":[{"href":"https:\/\/www.regioncuatronoticias.com\/index.php\/wp-json\/wp\/v2\/posts\/10970","targetHints":{"allow":["GET"]}}],"collection":[{"href":"https:\/\/www.regioncuatronoticias.com\/index.php\/wp-json\/wp\/v2\/posts"}],"about":[{"href":"https:\/\/www.regioncuatronoticias.com\/index.php\/wp-json\/wp\/v2\/types\/post"}],"author":[{"embeddable":true,"href":"https:\/\/www.regioncuatronoticias.com\/index.php\/wp-json\/wp\/v2\/users\/1"}],"replies":[{"embeddable":true,"href":"https:\/\/www.regioncuatronoticias.com\/index.php\/wp-json\/wp\/v2\/comments?post=10970"}],"version-history":[{"count":1,"href":"https:\/\/www.regioncuatronoticias.com\/index.php\/wp-json\/wp\/v2\/posts\/10970\/revisions"}],"predecessor-version":[{"id":10972,"href":"https:\/\/www.regioncuatronoticias.com\/index.php\/wp-json\/wp\/v2\/posts\/10970\/revisions\/10972"}],"wp:featuredmedia":[{"embeddable":true,"href":"https:\/\/www.regioncuatronoticias.com\/index.php\/wp-json\/wp\/v2\/media\/10971"}],"wp:attachment":[{"href":"https:\/\/www.regioncuatronoticias.com\/index.php\/wp-json\/wp\/v2\/media?parent=10970"}],"wp:term":[{"taxonomy":"category","embeddable":true,"href":"https:\/\/www.regioncuatronoticias.com\/index.php\/wp-json\/wp\/v2\/categories?post=10970"},{"taxonomy":"post_tag","embeddable":true,"href":"https:\/\/www.regioncuatronoticias.com\/index.php\/wp-json\/wp\/v2\/tags?post=10970"}],"curies":[{"name":"wp","href":"https:\/\/api.w.org\/{rel}","templated":true}]}}