{"id":10837,"date":"2024-05-03T14:08:06","date_gmt":"2024-05-03T21:08:06","guid":{"rendered":"https:\/\/www.regioncuatronoticias.com\/?p=10837"},"modified":"2024-05-03T14:08:45","modified_gmt":"2024-05-03T21:08:45","slug":"en-michoacan-sheinbaum-se-reune-con-cardenas","status":"publish","type":"post","link":"https:\/\/www.regioncuatronoticias.com\/index.php\/2024\/05\/03\/en-michoacan-sheinbaum-se-reune-con-cardenas\/","title":{"rendered":"En Michoac\u00e1n, Sheinbaum se re\u00fane con C\u00e1rdenas"},"content":{"rendered":"\n<p><em>Sahuayo, Mich.&nbsp;<\/em>Claudia Sheinbaum, candidata presidencial de la coalici\u00f3n Sigamos haciendo historia, se reuni\u00f3 esta ma\u00f1ana con Cuauht\u00e9moc C\u00e1rdenas, cuya lucha en 1988, dijo \u201ces buen antecedente de nuestro movimiento\u201d. Tambi\u00e9n record\u00f3 al padre del ingeniero, el general L\u00e1zaro C\u00e1rdenas como uno de los grandes presidentes de M\u00e9xico.<\/p>\n\n\n\n<p>\u201cVenimos de Jiquilpan, de estar en la casa donde naci\u00f3 uno de los grandes presidentes de M\u00e9xico, el general L\u00e1zaro C\u00e1rdenas. Un hombre extraordinario, que luch\u00f3 en la Revoluci\u00f3n Mexicana. Como Presidente cumpli\u00f3 realmente con las demandas de la Revoluci\u00f3n, reparti\u00f3 tierras, estuvo cerca del pueblo y defendi\u00f3 a la naci\u00f3n, expropi\u00f3 el petr\u00f3leo\u201d.<\/p>\n\n\n\n<p>A\u00f1adi\u00f3: \u201cestuve tambi\u00e9n con su hijo y con sus nietos, el ingeniero Cuauht\u00e9moc C\u00e1rdenas, que merece un gran reconocimiento. 1998 fue un quiebre en la historia de M\u00e9xico, en ese momento \u00e9l, con otras personas sale del PRI, hace la Corriente Democr\u00e1tica, se une todo el movimiento democr\u00e1tico y se triunfa en aquella elecci\u00f3n, 1988\u201d.<\/p>\n\n\n\n<p>Mencion\u00f3 que C\u00e1rdenas \u201cno se rindi\u00f3, no se vendi\u00f3 y de ah\u00ed parte un buen antecedente de la historia de nuestro movimiento. As\u00ed que quiero que quiero que juntos aplaudamos al ingeniero Cuauht\u00e9moc C\u00e1rdenas, a su familia y al gran General L\u00e1zaro C\u00e1rdenas.<\/p>\n\n\n\n<p>Entre gritos de \u201cfuera el PAN, fuera el PAN\u201d de cientos de asistentes al mitin que encabez\u00f3 en la Plaza P\u00fablica, Sheinbuam pidi\u00f3 no creerle a los panistas y votar el dos de junio todo por Morena, PT PVEM, los partidos que la abanderan.<\/p>\n\n\n\n<p>\u201cTodo somos el equipo del pueblo, de la transformaci\u00f3n, y por eso es muy importante que les digan a sus familias, a sus amigos, a sus vecinos, aqu\u00ed particularmente que en algunos casos le siguen a los panistas, ya no s\u00e9 ni c\u00f3mo les creen\u201d.<\/p>\n\n\n\n<p>A pesar de las altas temperaturas, 33 grados o m\u00e1s, Sheinbaum celebr\u00f3 que \u201dest\u00e1 la plaza llena\u201d, sostuvo.<\/p>\n","protected":false},"excerpt":{"rendered":"<p>Sahuayo, Mich.&nbsp;Claudia Sheinbaum, candidata presidencial de la coalici\u00f3n Sigamos haciendo historia, se reuni\u00f3 esta ma\u00f1ana con Cuauht\u00e9moc C\u00e1rdenas, cuya lucha en 1988, dijo \u201ces buen antecedente de nuestro movimiento\u201d. Tambi\u00e9n record\u00f3 al padre del ingeniero, el general L\u00e1zaro C\u00e1rdenas como uno de los grandes presidentes de M\u00e9xico. \u201cVenimos de Jiquilpan, de estar en la casa [&hellip;]<\/p>\n","protected":false},"author":1,"featured_media":10838,"comment_status":"open","ping_status":"open","sticky":false,"template":"","format":"standard","meta":{"content-type":"","footnotes":""},"categories":[105],"tags":[],"class_list":{"0":"post-10837","1":"post","2":"type-post","3":"status-publish","4":"format-standard","5":"has-post-thumbnail","7":"category-principal"},"_links":{"self":[{"href":"https:\/\/www.regioncuatronoticias.com\/index.php\/wp-json\/wp\/v2\/posts\/10837","targetHints":{"allow":["GET"]}}],"collection":[{"href":"https:\/\/www.regioncuatronoticias.com\/index.php\/wp-json\/wp\/v2\/posts"}],"about":[{"href":"https:\/\/www.regioncuatronoticias.com\/index.php\/wp-json\/wp\/v2\/types\/post"}],"author":[{"embeddable":true,"href":"https:\/\/www.regioncuatronoticias.com\/index.php\/wp-json\/wp\/v2\/users\/1"}],"replies":[{"embeddable":true,"href":"https:\/\/www.regioncuatronoticias.com\/index.php\/wp-json\/wp\/v2\/comments?post=10837"}],"version-history":[{"count":2,"href":"https:\/\/www.regioncuatronoticias.com\/index.php\/wp-json\/wp\/v2\/posts\/10837\/revisions"}],"predecessor-version":[{"id":10840,"href":"https:\/\/www.regioncuatronoticias.com\/index.php\/wp-json\/wp\/v2\/posts\/10837\/revisions\/10840"}],"wp:featuredmedia":[{"embeddable":true,"href":"https:\/\/www.regioncuatronoticias.com\/index.php\/wp-json\/wp\/v2\/media\/10838"}],"wp:attachment":[{"href":"https:\/\/www.regioncuatronoticias.com\/index.php\/wp-json\/wp\/v2\/media?parent=10837"}],"wp:term":[{"taxonomy":"category","embeddable":true,"href":"https:\/\/www.regioncuatronoticias.com\/index.php\/wp-json\/wp\/v2\/categories?post=10837"},{"taxonomy":"post_tag","embeddable":true,"href":"https:\/\/www.regioncuatronoticias.com\/index.php\/wp-json\/wp\/v2\/tags?post=10837"}],"curies":[{"name":"wp","href":"https:\/\/api.w.org\/{rel}","templated":true}]}}