{"id":10831,"date":"2024-05-03T08:27:02","date_gmt":"2024-05-03T15:27:02","guid":{"rendered":"https:\/\/www.regioncuatronoticias.com\/?p=10831"},"modified":"2024-05-03T08:27:04","modified_gmt":"2024-05-03T15:27:04","slug":"el-poder-judicial-no-debe-lavarse-manos-ante-la-inseguridad-sheinbaum","status":"publish","type":"post","link":"https:\/\/www.regioncuatronoticias.com\/index.php\/2024\/05\/03\/el-poder-judicial-no-debe-lavarse-manos-ante-la-inseguridad-sheinbaum\/","title":{"rendered":"&#8220;El Poder Judicial no debe lavarse manos ante la inseguridad&#8221;: Sheinbaum"},"content":{"rendered":"\n<p><em>L\u00e1zaro C\u00e1rdenas, Mich.<\/em>&nbsp;Claudia Sheinbaum, candidata presidencial de la coalici\u00f3n Sigamos Haciendo Historia, asegur\u00f3 que el Poder Judicial&nbsp;<q>no puede lavarse las manos<\/q>&nbsp;ante la inseguridad, por lo que debe contribuir a pacificar el pa\u00eds. En este marco, se\u00f1al\u00f3 que en el&nbsp;<em>Prian<\/em>&nbsp;<q>hay mucho odio y eso siempre llevar\u00e1 a la derrota<\/q>, al resaltar que el pueblo ya decidi\u00f3 dar continuidad a la transformaci\u00f3n.<\/p>\n\n\n\n<p>Tras descartar que en esta gira haya suspendido su visita a Apatzing\u00e1n por la inseguridad, mencion\u00f3 que para avanzar en la meta de cero impunidad&nbsp;<q>necesitamos un sistema de incorporaci\u00f3n para la procuraci\u00f3n y la ejecuci\u00f3n de la justicia, y eso tiene que ver con la Guardia Nacional, las polic\u00edas estatales, las fiscal\u00edas estatales, la Fiscal\u00eda General de la Rep\u00fablica y el Poder Judicial<\/q>.<\/p>\n\n\n\n<p>Y este \u00faltimo, sostuvo,&nbsp;<q>tiene que cooperar en la pacificaci\u00f3n del pa\u00eds, por eso tambi\u00e9n estamos planteando reformas al Poder Judicial<\/q>. Entonces cuestion\u00f3&nbsp;<q>los recientes amparos que hubo. \u00bfAh\u00ed no hay responsabilidad del Poder Judicial? Tiene que haberla<\/q>.<\/p>\n\n\n\n<p>\u2013\u00bfNo siente usted temor por su seguridad? \u2013se le pregunt\u00f3 en conferencia de prensa.<\/p>\n\n\n\n<p>\u2013No \u2013respondi\u00f3.<\/p>\n\n\n\n<p>Ayer, a lo largo de sus actividades proselitistas, la candidata de Morena, PT y PVEM destac\u00f3 que a pesar de la ventaja que mantiene en las preferencias electorales, seguir\u00e1 trabajando&nbsp;<q>de aqu\u00ed al 2 de junio o al 29 de mayo, que es el \u00faltimo d\u00eda de campa\u00f1a<\/q>.<\/p>\n\n\n\n<p>Subray\u00f3 que en sus recorridos ha notado&nbsp;<q>una enorme entrega del pueblo de M\u00e9xico a la 4T<\/q>, en tanto que al&nbsp;<em>Prian<\/em>&nbsp;<q>lo mueve el odio, la calumnia, el enojo contra nuestro proyecto<\/q>, aunado a que muchos de los que apoyan a la oposici\u00f3n perdieron sus fueros.<\/p>\n\n\n\n<p>Incluso, a pregunta expresa, consider\u00f3 que el candidato de Movimiento Ciudadano, Jorge \u00c1lvarez M\u00e1ynez, le est\u00e1 quitando puntos a X\u00f3chitl G\u00e1lvez, porque&nbsp;<q>cuando propones al pueblo odio, calumnia, enojo, cada vez vas a tener menos reconocimiento<\/q>.<\/p>\n\n\n\n<p>En Uruapan, Ignacio Campos, quien busca la relecci\u00f3n como alcalde, le se\u00f1al\u00f3 que&nbsp;<q>a pesar de que quisieron boicotear el evento (que ah\u00ed encabez\u00f3) con cuatro incendios (forestales) provocados<\/q>, la gente de la zona acudi\u00f3 a respaldar la continuidad de la Cuarta Transformaci\u00f3n.<\/p>\n\n\n\n<p>Apelando a la vocaci\u00f3n ambientalista de Sheinbaum, le pidi\u00f3 que&nbsp;<q>una vez que est\u00e9 en Palacio Nacional, preparemos un proyecto y comprar un helic\u00f3ptero propio para este municipio con vocaci\u00f3n de cuidar los bosques<\/q>. El candidato no entr\u00f3 en detalles. La abanderada presidencial dijo que&nbsp;<q>deben cuidarse los bosques de Michoac\u00e1n, que son patrimonio no s\u00f3lo del estado, sino del pa\u00eds y de la humanidad. Vamos a trabajar con Nacho para poder recuperar, restaurar y al mismo tiempo que se apoya al aguacate, puedan recuperarse los bosques de toda esta zona<\/q>.<\/p>\n\n\n\n<p>La ex jefa de Gobierno de la Ciudad de M\u00e9xico insisti\u00f3 en cada uno de los tres m\u00edtines que encabez\u00f3 \u2013en Uruapan, Chilchota y Zamora\u2013, con cientos de personas apoy\u00e1ndola, que va a ganar las elecciones del 2 de junio, y hasta convoc\u00f3 a&nbsp;<q>todo M\u00e9xico, a las 8 de la noche (de ese domingo que vaya) a celebrar en alguna plaza p\u00fablica el triunfo de la Cuarta Transformaci\u00f3n<\/q>.<\/p>\n","protected":false},"excerpt":{"rendered":"<p>L\u00e1zaro C\u00e1rdenas, Mich.&nbsp;Claudia Sheinbaum, candidata presidencial de la coalici\u00f3n Sigamos Haciendo Historia, asegur\u00f3 que el Poder Judicial&nbsp;no puede lavarse las manos&nbsp;ante la inseguridad, por lo que debe contribuir a pacificar el pa\u00eds. En este marco, se\u00f1al\u00f3 que en el&nbsp;Prian&nbsp;hay mucho odio y eso siempre llevar\u00e1 a la derrota, al resaltar que el pueblo ya decidi\u00f3 [&hellip;]<\/p>\n","protected":false},"author":1,"featured_media":10832,"comment_status":"open","ping_status":"open","sticky":false,"template":"","format":"standard","meta":{"content-type":"","footnotes":""},"categories":[105],"tags":[],"class_list":{"0":"post-10831","1":"post","2":"type-post","3":"status-publish","4":"format-standard","5":"has-post-thumbnail","7":"category-principal"},"_links":{"self":[{"href":"https:\/\/www.regioncuatronoticias.com\/index.php\/wp-json\/wp\/v2\/posts\/10831","targetHints":{"allow":["GET"]}}],"collection":[{"href":"https:\/\/www.regioncuatronoticias.com\/index.php\/wp-json\/wp\/v2\/posts"}],"about":[{"href":"https:\/\/www.regioncuatronoticias.com\/index.php\/wp-json\/wp\/v2\/types\/post"}],"author":[{"embeddable":true,"href":"https:\/\/www.regioncuatronoticias.com\/index.php\/wp-json\/wp\/v2\/users\/1"}],"replies":[{"embeddable":true,"href":"https:\/\/www.regioncuatronoticias.com\/index.php\/wp-json\/wp\/v2\/comments?post=10831"}],"version-history":[{"count":1,"href":"https:\/\/www.regioncuatronoticias.com\/index.php\/wp-json\/wp\/v2\/posts\/10831\/revisions"}],"predecessor-version":[{"id":10833,"href":"https:\/\/www.regioncuatronoticias.com\/index.php\/wp-json\/wp\/v2\/posts\/10831\/revisions\/10833"}],"wp:featuredmedia":[{"embeddable":true,"href":"https:\/\/www.regioncuatronoticias.com\/index.php\/wp-json\/wp\/v2\/media\/10832"}],"wp:attachment":[{"href":"https:\/\/www.regioncuatronoticias.com\/index.php\/wp-json\/wp\/v2\/media?parent=10831"}],"wp:term":[{"taxonomy":"category","embeddable":true,"href":"https:\/\/www.regioncuatronoticias.com\/index.php\/wp-json\/wp\/v2\/categories?post=10831"},{"taxonomy":"post_tag","embeddable":true,"href":"https:\/\/www.regioncuatronoticias.com\/index.php\/wp-json\/wp\/v2\/tags?post=10831"}],"curies":[{"name":"wp","href":"https:\/\/api.w.org\/{rel}","templated":true}]}}