{"id":10818,"date":"2024-05-03T08:04:23","date_gmt":"2024-05-03T15:04:23","guid":{"rendered":"https:\/\/www.regioncuatronoticias.com\/?p=10818"},"modified":"2024-05-03T08:04:28","modified_gmt":"2024-05-03T15:04:28","slug":"obispo-salvador-rangel-entro-al-motel-voluntariamente-revela-comisionado-de-seguridad","status":"publish","type":"post","link":"https:\/\/www.regioncuatronoticias.com\/index.php\/2024\/05\/03\/obispo-salvador-rangel-entro-al-motel-voluntariamente-revela-comisionado-de-seguridad\/","title":{"rendered":"Obispo Salvador Rangel entr\u00f3 al motel voluntariamente, revela comisionado de Seguridad"},"content":{"rendered":"\n<p>Autoridades de la Comisi\u00f3n Estatal de Seguridad P\u00fablica (CES) del estado de Morelos dieron a conocer nuevos detalles alusivos a la localizaci\u00f3n del obispo Salvador Rangel Mendoza en un motel de Cuernavaca.<\/p>\n\n\n\n<p>Obispo Salvador Rangel sale del hospital; no emprender\u00e1 acciones legales hasta su recuperaci\u00f3n<br>Espec\u00edficamente, el comisionado Jos\u00e9 Antonio Ortiz Guarneros resalt\u00f3 que parte de las evidencias analizadas consisten en grabaciones de las c\u00e1maras de seguridad colocadas en el establecimiento.<\/p>\n\n\n\n<p>\u201cHasta donde sabemos entr\u00f3 voluntariamente al motel con una persona del mismo sexo y esa persona despu\u00e9s se retir\u00f3\u201d, extern\u00f3 el funcionario.<\/p>\n\n\n\n<p>Las im\u00e1genes del circuito de seguridad del Hotel Real Ocotepec muestran que, al momento de su llegada, el obispo se encontraba en aparente buen estado de salud. No obstante, cuando fue localizado presentaba un notorio deterioro neurol\u00f3gico.<\/p>\n\n\n\n<p>Ex\u00e1menes toxicol\u00f3gicos que le fueron realizados al religioso posteriormente revelaron la presencia de coca\u00edna y benzodiacepinas \u2014medicamentos sedantes\u2014 en su organismo.<\/p>\n\n\n\n<p>Al realizar una primera inspecci\u00f3n dentro del hotel, no fue posible encontrar ninguna identificaci\u00f3n de Rangel Mendoza y, seg\u00fan informaci\u00f3n extraoficial, \u00fanicamente estaba en posesi\u00f3n de un par de pastillas de sildenafil \u2014f\u00e1rmaco usado para tratar la disfunci\u00f3n er\u00e9ctil y la hipertensi\u00f3n arterial pulmonar\u2014.<\/p>\n\n\n\n<p>Durante su breve encuentro con los medios, el comisionado Ortiz Guarneros reiter\u00f3 que la postura de la CES es que no hubo un secuestro expr\u00e9s, como previamente hab\u00eda anticipado la Fiscal\u00eda estatal.<\/p>\n\n\n\n<p>\u201cSe hicieron algunas declaraciones de que fue un secuestro expr\u00e9s, nosotros pensamos que no, pero el fiscal tendr\u00e1 que demostrar en base a qu\u00e9 lo dijo\u201d, agreg\u00f3 el almirante retirado.<\/p>\n\n\n\n<p>Tras la localizaci\u00f3n del obispo, los param\u00e9dicos lo trasladaron de urgencia al Hospital General de Cuernavaca, en donde le administraron un tratamiento para estabilizarlo, dado que estaba inconsciente.<\/p>\n\n\n\n<p>Por su parte, el gobernador interino de Morelos, Samuel Sotelo Salgado, manifest\u00f3 que no ha tenido acceso a la carpeta de investigaci\u00f3n y que, hasta la ma\u00f1ana del 2 de mayo, el obispo no hab\u00eda solicitado ninguna medida de protecci\u00f3n a las autoridades.<\/p>\n\n\n\n<p>Las indagatorias iniciales se\u00f1alaron que el d\u00eda en que se report\u00f3 la desaparici\u00f3n del obispo ten\u00eda una reuni\u00f3n en una pizzer\u00eda. Aparentemente, se iba a reunir con un empleado del lugar, pero se perdi\u00f3 la comunicaci\u00f3n con \u00e9l despu\u00e9s de su llegada al establecimiento.<\/p>\n\n\n\n<p>La noche del 29 de abril, el obispo em\u00e9rito de la Di\u00f3cesis de Chilpancingo-Chilapa abandon\u00f3 las instalaciones del Hospital General de Cuernavaca y fue trasladado a un nosocomio privado. Se espera que pr\u00f3ximamente ofrezca declaraciones que permitan conocer m\u00e1s detalles de lo ocurrido.<\/p>\n","protected":false},"excerpt":{"rendered":"<p>Autoridades de la Comisi\u00f3n Estatal de Seguridad P\u00fablica (CES) del estado de Morelos dieron a conocer nuevos detalles alusivos a la localizaci\u00f3n del obispo Salvador Rangel Mendoza en un motel de Cuernavaca. Obispo Salvador Rangel sale del hospital; no emprender\u00e1 acciones legales hasta su recuperaci\u00f3nEspec\u00edficamente, el comisionado Jos\u00e9 Antonio Ortiz Guarneros resalt\u00f3 que parte de [&hellip;]<\/p>\n","protected":false},"author":1,"featured_media":10819,"comment_status":"open","ping_status":"open","sticky":false,"template":"","format":"standard","meta":{"content-type":"","footnotes":""},"categories":[113],"tags":[],"class_list":{"0":"post-10818","1":"post","2":"type-post","3":"status-publish","4":"format-standard","5":"has-post-thumbnail","7":"category-seguridad"},"_links":{"self":[{"href":"https:\/\/www.regioncuatronoticias.com\/index.php\/wp-json\/wp\/v2\/posts\/10818","targetHints":{"allow":["GET"]}}],"collection":[{"href":"https:\/\/www.regioncuatronoticias.com\/index.php\/wp-json\/wp\/v2\/posts"}],"about":[{"href":"https:\/\/www.regioncuatronoticias.com\/index.php\/wp-json\/wp\/v2\/types\/post"}],"author":[{"embeddable":true,"href":"https:\/\/www.regioncuatronoticias.com\/index.php\/wp-json\/wp\/v2\/users\/1"}],"replies":[{"embeddable":true,"href":"https:\/\/www.regioncuatronoticias.com\/index.php\/wp-json\/wp\/v2\/comments?post=10818"}],"version-history":[{"count":1,"href":"https:\/\/www.regioncuatronoticias.com\/index.php\/wp-json\/wp\/v2\/posts\/10818\/revisions"}],"predecessor-version":[{"id":10820,"href":"https:\/\/www.regioncuatronoticias.com\/index.php\/wp-json\/wp\/v2\/posts\/10818\/revisions\/10820"}],"wp:featuredmedia":[{"embeddable":true,"href":"https:\/\/www.regioncuatronoticias.com\/index.php\/wp-json\/wp\/v2\/media\/10819"}],"wp:attachment":[{"href":"https:\/\/www.regioncuatronoticias.com\/index.php\/wp-json\/wp\/v2\/media?parent=10818"}],"wp:term":[{"taxonomy":"category","embeddable":true,"href":"https:\/\/www.regioncuatronoticias.com\/index.php\/wp-json\/wp\/v2\/categories?post=10818"},{"taxonomy":"post_tag","embeddable":true,"href":"https:\/\/www.regioncuatronoticias.com\/index.php\/wp-json\/wp\/v2\/tags?post=10818"}],"curies":[{"name":"wp","href":"https:\/\/api.w.org\/{rel}","templated":true}]}}