{"id":10763,"date":"2024-05-03T05:38:27","date_gmt":"2024-05-03T12:38:27","guid":{"rendered":"https:\/\/www.regioncuatronoticias.com\/?p=10763"},"modified":"2024-05-03T05:38:28","modified_gmt":"2024-05-03T12:38:28","slug":"mexico-ha-reducido-brechas-sociales-asegura-hacienda-en-reunion-de-la-ocde","status":"publish","type":"post","link":"https:\/\/www.regioncuatronoticias.com\/index.php\/2024\/05\/03\/mexico-ha-reducido-brechas-sociales-asegura-hacienda-en-reunion-de-la-ocde\/","title":{"rendered":"M\u00e9xico ha reducido brechas sociales, asegura Hacienda en reuni\u00f3n de la OCDE"},"content":{"rendered":"\n<p>El secretario de Hacienda y Cr\u00e9dito P\u00fablico, Rogelio Ram\u00edrez de la O, particip\u00f3 en la reuni\u00f3n ministerial del Consejo de la Organizaci\u00f3n para la Cooperaci\u00f3n y el Desarrollo Econ\u00f3micos (OCDE), que se realiza en Par\u00eds, Francia, y en ese espacio asegur\u00f3 que M\u00e9xico ha reducido brechas sociales.<\/p>\n\n\n\n<p>De acuerdo con informaci\u00f3n de la dependencia a su cargo, Ram\u00edrez de la O se\u00f1al\u00f3 que esto se ha logrado al dar prioridad al apoyo de los m\u00e1s necesitados, al mismo tiempo que se ha estimulado el consumo interno y fortalecido la econom\u00eda.&nbsp;<\/p>\n\n\n\n<p>En su intervenci\u00f3n, apunt\u00f3 que el gobierno federal ha reorientado las pol\u00edticas macroecon\u00f3micas para atender a los sectores m\u00e1s vulnerables y dirigido los esfuerzos hacia aquellos que quedaron atr\u00e1s a trav\u00e9s de proyectos de inversi\u00f3n en regiones hist\u00f3ricamente desatendidas y fortaleciendo los programas sociales.&nbsp;<\/p>\n\n\n\n<p>El secretario de Hacienda asever\u00f3 que este compromiso con la inclusi\u00f3n social y el desarrollo econ\u00f3mico sostenible ha resultado esencial en tiempos tan desafiantes y ha permitido avanzar hacia un futuro m\u00e1s equitativo y pr\u00f3spero para todos.&nbsp;<\/p>\n\n\n\n<p>Asimismo, el funcionario puntualiz\u00f3 que la econom\u00eda global contin\u00faa inmersa en un entorno complejo e incierto que prevalece desde la pandemia del Covid-19 y hasta las m\u00e1s recientes tensiones geopol\u00edticas.<\/p>\n\n\n\n<p>Agreg\u00f3 que la econom\u00eda mundial sigue mostrando resiliencia, con una tasa de crecimiento en 2023 mejor a la esperada y con niveles de inflaci\u00f3n moderados que se encuentran ligeramente por encima de la meta, pero con una tendencia a la baja.<\/p>\n\n\n\n<p>Sin embargo, Ram\u00edrez de la O advirti\u00f3 que persisten los desaf\u00edos globales ya que el panorama macroecon\u00f3mico actual muestra un crecimiento modesto con esfuerzos vigorosos por parte de los bancos centrales de todo el mundo para reducir la inflaci\u00f3n, en medio de presiones fiscales y de deuda.&nbsp;<\/p>\n\n\n\n<p>Ante esta realidad, asegur\u00f3 que es imperativo abordar en conjunto los desaf\u00edos globales actuales y convertirlos en oportunidades para un mundo m\u00e1s equitativo, inclusivo y sostenible.<\/p>\n\n\n\n<p>Sostuvo que es necesario hacer frente a la triple crisis planetaria, as\u00ed como a los desaf\u00edos sociales estructurales que han profundizado la desigualdad en todos los pa\u00edses, independientemente de su nivel de ingresos y eso requiere fomentar el desarrollo inclusivo que requiere igualdad de g\u00e9nero, inclusi\u00f3n digital, facilitaci\u00f3n del comercio y atenci\u00f3n al cambio clim\u00e1tico.<\/p>\n","protected":false},"excerpt":{"rendered":"<p>El secretario de Hacienda y Cr\u00e9dito P\u00fablico, Rogelio Ram\u00edrez de la O, particip\u00f3 en la reuni\u00f3n ministerial del Consejo de la Organizaci\u00f3n para la Cooperaci\u00f3n y el Desarrollo Econ\u00f3micos (OCDE), que se realiza en Par\u00eds, Francia, y en ese espacio asegur\u00f3 que M\u00e9xico ha reducido brechas sociales. De acuerdo con informaci\u00f3n de la dependencia a [&hellip;]<\/p>\n","protected":false},"author":1,"featured_media":10764,"comment_status":"open","ping_status":"open","sticky":false,"template":"","format":"standard","meta":{"content-type":"","footnotes":""},"categories":[114,105],"tags":[],"class_list":{"0":"post-10763","1":"post","2":"type-post","3":"status-publish","4":"format-standard","5":"has-post-thumbnail","7":"category-economia","8":"category-principal"},"_links":{"self":[{"href":"https:\/\/www.regioncuatronoticias.com\/index.php\/wp-json\/wp\/v2\/posts\/10763","targetHints":{"allow":["GET"]}}],"collection":[{"href":"https:\/\/www.regioncuatronoticias.com\/index.php\/wp-json\/wp\/v2\/posts"}],"about":[{"href":"https:\/\/www.regioncuatronoticias.com\/index.php\/wp-json\/wp\/v2\/types\/post"}],"author":[{"embeddable":true,"href":"https:\/\/www.regioncuatronoticias.com\/index.php\/wp-json\/wp\/v2\/users\/1"}],"replies":[{"embeddable":true,"href":"https:\/\/www.regioncuatronoticias.com\/index.php\/wp-json\/wp\/v2\/comments?post=10763"}],"version-history":[{"count":1,"href":"https:\/\/www.regioncuatronoticias.com\/index.php\/wp-json\/wp\/v2\/posts\/10763\/revisions"}],"predecessor-version":[{"id":10765,"href":"https:\/\/www.regioncuatronoticias.com\/index.php\/wp-json\/wp\/v2\/posts\/10763\/revisions\/10765"}],"wp:featuredmedia":[{"embeddable":true,"href":"https:\/\/www.regioncuatronoticias.com\/index.php\/wp-json\/wp\/v2\/media\/10764"}],"wp:attachment":[{"href":"https:\/\/www.regioncuatronoticias.com\/index.php\/wp-json\/wp\/v2\/media?parent=10763"}],"wp:term":[{"taxonomy":"category","embeddable":true,"href":"https:\/\/www.regioncuatronoticias.com\/index.php\/wp-json\/wp\/v2\/categories?post=10763"},{"taxonomy":"post_tag","embeddable":true,"href":"https:\/\/www.regioncuatronoticias.com\/index.php\/wp-json\/wp\/v2\/tags?post=10763"}],"curies":[{"name":"wp","href":"https:\/\/api.w.org\/{rel}","templated":true}]}}