{"id":10760,"date":"2024-05-03T05:36:18","date_gmt":"2024-05-03T12:36:18","guid":{"rendered":"https:\/\/www.regioncuatronoticias.com\/?p=10760"},"modified":"2024-05-03T05:36:20","modified_gmt":"2024-05-03T12:36:20","slug":"mas-de-700-trabajadores-presentan-primer-amparo-contra-nuevo-fondo-de-pensiones","status":"publish","type":"post","link":"https:\/\/www.regioncuatronoticias.com\/index.php\/2024\/05\/03\/mas-de-700-trabajadores-presentan-primer-amparo-contra-nuevo-fondo-de-pensiones\/","title":{"rendered":"M\u00e1s de 700 trabajadores presentan primer amparo contra nuevo fondo de pensiones"},"content":{"rendered":"\n<p>Un total de 727 trabajadores tanto del sector privado como p\u00fablico presentaron este jueves el primer amparo contra el Fondo de Pensiones del Bienestar, que el mi\u00e9rcoles puso en marcha el presidente Andr\u00e9s Manuel L\u00f3pez Obrador al firmar un decreto.<\/p>\n\n\n\n<p>El mi\u00e9rcoles, entraron en vigor las reformas que dan origen al fondo, que mediante un decreto hizo oficial L\u00f3pez Obrador y con el que busca asegurar una tasa de retiro del 100% para los trabajadores que ingresaron a la formalidad desde 1997 con un tope de casi 17,000 pesos mensuales.<\/p>\n\n\n\n<p>La primera acci\u00f3n legal contra la reforma a las leyes que crean el fondo de pensiones fue presentada a trav\u00e9s de la firma Trusan &amp; Roma Abogados, despacho que dio a conocer sobre la demanda de amparo a trav\u00e9s de sus redes sociales.<\/p>\n\n\n\n<p>\u201cLas 727 personas que pertenecen, tanto al sector privado como al sector p\u00fablico (\u2026) est\u00e1n presentando esta demanda de amparo, porque afecta la forma en como ellos decidieron que iban a manejarse en lo futuro sus recursos en las diferentes administradoras (de fondos para el retiro, afores)\u201d, mencionaron los litigantes en un video publicado en redes sociales.<\/p>\n\n\n\n<p>Anticipan amparo colectivo de trabajadores del Estado<\/p>\n\n\n\n<p>La firma de abogados sostuvo que la reforma a las leyes que dan vida al nuevo fondo de pensiones \u201ces inconstitucional, toda vez que es retroactiva y adem\u00e1s vulnera el principio de seguridad jur\u00eddica\u201d.<\/p>\n\n\n\n<p>Los abogados tambi\u00e9n anunciaron que no ser\u00e1 la primera demanda que presenten, pues anticiparon que en las pr\u00f3ximas semanas cientos de trabajadores del Estado se unir\u00e1n a un nuevo amparo colectivo en contra de la reforma impulsada por L\u00f3pez Obrador.<\/p>\n\n\n\n<p>\u201cAnunciamos que en las pr\u00f3ximas semanas cientos de trabajadores del Instituto Nacional de Estad\u00edstica y Geograf\u00eda (Inegi), de la Comisi\u00f3n Nacional Bancaria y de Valores (CNBV) de la Guardia Nacional (GN), as\u00ed como del Instituto Nacional Electoral (INE) y varias dependencias federales m\u00e1s proceder\u00e1n a presentar sus demandas de amparo para que sus ahorros no se vean afectados\u201d, amagaron.<\/p>\n\n\n\n<p>Y es que la reforma busca allegarse de recursos de cuentas inactivas en las afores de personas con m\u00e1s 70 a\u00f1os en caso de trabajadores del sector privado y de 75 en el p\u00fablico que no se han reclamado.<\/p>\n\n\n\n<p>Asimismo, la oposici\u00f3n tambi\u00e9n anticip\u00f3 que presentar\u00e1 acciones de inconstitucionalidad contra la reforma que entr\u00f3 en vigor este 1 de mayo, D\u00eda Internacional del Trabajo, al considerar que el gobierno quiere robarse ese dinero para sus propios fines.<\/p>\n","protected":false},"excerpt":{"rendered":"<p>Un total de 727 trabajadores tanto del sector privado como p\u00fablico presentaron este jueves el primer amparo contra el Fondo de Pensiones del Bienestar, que el mi\u00e9rcoles puso en marcha el presidente Andr\u00e9s Manuel L\u00f3pez Obrador al firmar un decreto. El mi\u00e9rcoles, entraron en vigor las reformas que dan origen al fondo, que mediante un [&hellip;]<\/p>\n","protected":false},"author":1,"featured_media":10761,"comment_status":"open","ping_status":"open","sticky":false,"template":"","format":"standard","meta":{"content-type":"","footnotes":""},"categories":[3],"tags":[],"class_list":{"0":"post-10760","1":"post","2":"type-post","3":"status-publish","4":"format-standard","5":"has-post-thumbnail","7":"category-mexico"},"_links":{"self":[{"href":"https:\/\/www.regioncuatronoticias.com\/index.php\/wp-json\/wp\/v2\/posts\/10760","targetHints":{"allow":["GET"]}}],"collection":[{"href":"https:\/\/www.regioncuatronoticias.com\/index.php\/wp-json\/wp\/v2\/posts"}],"about":[{"href":"https:\/\/www.regioncuatronoticias.com\/index.php\/wp-json\/wp\/v2\/types\/post"}],"author":[{"embeddable":true,"href":"https:\/\/www.regioncuatronoticias.com\/index.php\/wp-json\/wp\/v2\/users\/1"}],"replies":[{"embeddable":true,"href":"https:\/\/www.regioncuatronoticias.com\/index.php\/wp-json\/wp\/v2\/comments?post=10760"}],"version-history":[{"count":1,"href":"https:\/\/www.regioncuatronoticias.com\/index.php\/wp-json\/wp\/v2\/posts\/10760\/revisions"}],"predecessor-version":[{"id":10762,"href":"https:\/\/www.regioncuatronoticias.com\/index.php\/wp-json\/wp\/v2\/posts\/10760\/revisions\/10762"}],"wp:featuredmedia":[{"embeddable":true,"href":"https:\/\/www.regioncuatronoticias.com\/index.php\/wp-json\/wp\/v2\/media\/10761"}],"wp:attachment":[{"href":"https:\/\/www.regioncuatronoticias.com\/index.php\/wp-json\/wp\/v2\/media?parent=10760"}],"wp:term":[{"taxonomy":"category","embeddable":true,"href":"https:\/\/www.regioncuatronoticias.com\/index.php\/wp-json\/wp\/v2\/categories?post=10760"},{"taxonomy":"post_tag","embeddable":true,"href":"https:\/\/www.regioncuatronoticias.com\/index.php\/wp-json\/wp\/v2\/tags?post=10760"}],"curies":[{"name":"wp","href":"https:\/\/api.w.org\/{rel}","templated":true}]}}