{"id":10589,"date":"2024-05-01T13:16:07","date_gmt":"2024-05-01T20:16:07","guid":{"rendered":"https:\/\/www.regioncuatronoticias.com\/?p=10589"},"modified":"2024-05-01T13:16:09","modified_gmt":"2024-05-01T20:16:09","slug":"francisco-bueno-no-tan-bueno","status":"publish","type":"post","link":"https:\/\/www.regioncuatronoticias.com\/index.php\/2024\/05\/01\/francisco-bueno-no-tan-bueno\/","title":{"rendered":"Francisco Bueno, no tan bueno"},"content":{"rendered":"\n<p><strong>Columna Corren Rumores<\/strong><\/p>\n\n\n\n<p><strong>Hilario Olea<\/strong><\/p>\n\n\n\n<p><strong>Francisco Bueno, no tan bueno<\/strong><\/p>\n\n\n\n<p><strong>Mi\u00e9rcoles 1 de mayo de 2024<\/strong><\/p>\n\n\n\n<p><strong>MUCHAS BRONCAS\u2026 <\/strong>Recuerdo a un amigo que se dedica a la mercadotecnia pol\u00edtica y que me comentaba que antes de iniciar la asesor\u00eda de un pol\u00edtico, ya sea como funcionario, como l\u00edder partidista o candidato, lo primero que le ped\u00eda es que sacar todos los \u201ccad\u00e1veres del closet\u201d. Que le dijera todos los pecados,&nbsp; veniales y mortales, que ten\u00eda porque cuando tuviera visibilidad y se volviera competencia y amenaza para alguien, esos pecadillos saldr\u00edan a la luz p\u00fablica. Es mejor saber a que atenerse que luego andarse jalando los pelos cuando truena la bomba. Y esto fue lo qu\u00e9 pas\u00f3 con el ahora mal afamado Francisco Bueno Ayup, detenido porque fue acusado de abusos sexuales.&nbsp; Y la bronca, es que ahora salen con que no es la primera vez. Pero con todo y eso le dieron cabida en el PAN con el padrecismo. Luego lo dejaron que creara su propio partidito, y la \u00faltima, que anduviera presumiendo que era el coordinador de campa\u00f1a de C\u00e9lida L\u00f3pez, que la candidata a senadora por el PT ya desminti\u00f3, pero el esc\u00e1ndalo ya la salpic\u00f3.<\/p>\n\n\n\n<p><strong>PUEDE SALPICAR\u2026 <\/strong>Es de esperarse que el esc\u00e1ndalo de este sujeto no escale, porque puede afectar campa\u00f1as electorales, sobre todo si alguien con mala intenci\u00f3n y peores deseos,&nbsp; logra ligarlo con candidatos del oficialismo, como es el caso que vive C\u00e9lida L\u00f3pez. Aunque hay que reconocer que la candidata del PT sabe c\u00f3mo defenderse y no est\u00e1 muda. Sin embargo, si logran ligarla con este tipo, puede tener en contra a los grumos feministas y esos colectivos vaya que tiene peso sobre todo en las redes sociales.&nbsp; Esto, para mala suerte de los afectados, apenas comienza. Lo raro fue que C\u00e9lida le ech\u00f3 la culpa de esto a Manlio Fabio Beltrones, pero no creemos que el candidato a senador tenga tanta influencia en el actual gobierno como para&nbsp; mover a la Fiscal\u00eda de Justicia. M\u00e1s bien los atentos saludos deben venir desde adentro. Digo.<\/p>\n\n\n\n<p><strong>SOPA DE SU CHOCOLATE\u2026 <\/strong>El que anda en buenos enredos es el rector de la Universidad Estatal de Sonora, Armando Moreno Soto, quien no pudo evitar que le &nbsp;estallaran la huelga en esta instituci\u00f3n. Primero, le falt\u00f3 colmillo para negociar laboralmente con el sindicato. La raz\u00f3n es que Moreno Soto como buen activista sabe c\u00f3mo crear conflictos y movimientos de protesta; pero se ve que no sabe ni papa c\u00f3mo solucionar conflictos. Los sabe armar, pero no arreglar. Tan es as\u00ed, que el sindicato de esta instituci\u00f3n dice que hay hartazgo de los empleados y maestros contra el rector, quien va a pasar a la historia por ser el primero al que le estalla una huelga. Seguramente, en palacio de gobierno no est\u00e1n muy conformes en c\u00f3mo se ha manejado este problema laboral y no duden que una vez que se enfr\u00ede el asunto, le pidan la bola a Moreno Soto y lo manden a realizar alguna maestr\u00eda. Ya saben,&nbsp; cuando te caes para arriba.<\/p>\n\n\n\n<p><strong>ME VOY A QUEDAR\u2026 <\/strong>Ante los comentarios de que a partir del 2 de octubre el presidente L\u00f3pez Obrador har\u00e1 maletas para irse a otro pa\u00eds, el mandatario ya dijo que una cosa es que se retire de la pol\u00edtica y se jubile, y otra cosa es que desaparezca o que no viva en M\u00e9xico. Lo dicho. Con esto confirma que no va a soltar las riendas del poder, tal&nbsp; y como pas\u00f3 con Plutarco El\u00edas Calles. Desde su hacienda en Chiapas seguir\u00e1 manejando el poder, sobre todo el control del partido y de las estructuras de gobierno.&nbsp; Porque un presidente con tanto poder no se ten\u00eda desde Porfirio D\u00edaz, por lo que resulta incre\u00edble pensar que se jubile en serio. Aunque no le gusta que lo digan, pero do\u00f1a Claudia tendr\u00e1 que soportarlo cuando menos durante el primer a\u00f1o, en lo que se sacude algo de la influencia.<\/p>\n\n\n\n<p><strong>SIN SALIR A LA CALLE\u2026 <\/strong>El problema para el presidente es que as\u00ed como tiene fieles seguidores que lo apoyan fan\u00e1ticamente, igual ha hecho enemigos que lo odian. Porque&nbsp; durante su sexenio ha promovido el odio, la confrontaci\u00f3n y el choque. Nunca ha buscado la unidad del pa\u00eds y mucho menos la cordialidad. Tendr\u00e1 que pagar por ello. Ahorita que todav\u00eda es presidente ya no usa aviones comerciales. No se para en lugares p\u00fablicos, salvo que est\u00e9n bien controlados.&nbsp; Cierto, estar\u00e1 en M\u00e9xico pero no podr\u00e1 salir a la calle sin ser abucheado y le mienten la madre. Como a L\u00f3pez Portillo cuando le ladraban para recordarle que iba a defender el peso como un perro y solo provoc\u00f3 una crisis nacional.&nbsp; Dir\u00e1 el sereno, pero se me hace que va a tener que quedarse en hacienda y desde ah\u00ed mandar. Porque en p\u00fablico, no va a poder.<\/p>\n\n\n\n<p>Pero como dijo el Opodepe&nbsp; Rasc\u00f3n, ladr\u00f3n que roba a ladr\u00f3n, ya amarr\u00f3 candidatura en Morena. Sale.<\/p>\n\n\n\n<p><strong>S\u00edganos en la cuenta de X o Twitter @hilarioolea.<\/strong><\/p>\n\n\n\n<p><strong>Pueden vernos de lunes a viernes de 8 a 9 de la noche en nuestro canal de YouTube \u201cEntre Todos Digital\u201d.<\/strong><\/p>\n\n\n\n<p><strong>Sigan nuestras redes sociales.<\/strong><\/p>\n","protected":false},"excerpt":{"rendered":"<p>Columna Corren Rumores Hilario Olea Francisco Bueno, no tan bueno Mi\u00e9rcoles 1 de mayo de 2024 MUCHAS BRONCAS\u2026 Recuerdo a un amigo que se dedica a la mercadotecnia pol\u00edtica y que me comentaba que antes de iniciar la asesor\u00eda de un pol\u00edtico, ya sea como funcionario, como l\u00edder partidista o candidato, lo primero que le [&hellip;]<\/p>\n","protected":false},"author":1,"featured_media":10590,"comment_status":"open","ping_status":"open","sticky":false,"template":"","format":"standard","meta":{"content-type":"","footnotes":""},"categories":[121],"tags":[],"class_list":{"0":"post-10589","1":"post","2":"type-post","3":"status-publish","4":"format-standard","5":"has-post-thumbnail","7":"category-hilarioolea"},"_links":{"self":[{"href":"https:\/\/www.regioncuatronoticias.com\/index.php\/wp-json\/wp\/v2\/posts\/10589","targetHints":{"allow":["GET"]}}],"collection":[{"href":"https:\/\/www.regioncuatronoticias.com\/index.php\/wp-json\/wp\/v2\/posts"}],"about":[{"href":"https:\/\/www.regioncuatronoticias.com\/index.php\/wp-json\/wp\/v2\/types\/post"}],"author":[{"embeddable":true,"href":"https:\/\/www.regioncuatronoticias.com\/index.php\/wp-json\/wp\/v2\/users\/1"}],"replies":[{"embeddable":true,"href":"https:\/\/www.regioncuatronoticias.com\/index.php\/wp-json\/wp\/v2\/comments?post=10589"}],"version-history":[{"count":1,"href":"https:\/\/www.regioncuatronoticias.com\/index.php\/wp-json\/wp\/v2\/posts\/10589\/revisions"}],"predecessor-version":[{"id":10591,"href":"https:\/\/www.regioncuatronoticias.com\/index.php\/wp-json\/wp\/v2\/posts\/10589\/revisions\/10591"}],"wp:featuredmedia":[{"embeddable":true,"href":"https:\/\/www.regioncuatronoticias.com\/index.php\/wp-json\/wp\/v2\/media\/10590"}],"wp:attachment":[{"href":"https:\/\/www.regioncuatronoticias.com\/index.php\/wp-json\/wp\/v2\/media?parent=10589"}],"wp:term":[{"taxonomy":"category","embeddable":true,"href":"https:\/\/www.regioncuatronoticias.com\/index.php\/wp-json\/wp\/v2\/categories?post=10589"},{"taxonomy":"post_tag","embeddable":true,"href":"https:\/\/www.regioncuatronoticias.com\/index.php\/wp-json\/wp\/v2\/tags?post=10589"}],"curies":[{"name":"wp","href":"https:\/\/api.w.org\/{rel}","templated":true}]}}