{"id":10566,"date":"2024-05-01T08:33:09","date_gmt":"2024-05-01T15:33:09","guid":{"rendered":"https:\/\/www.regioncuatronoticias.com\/?p=10566"},"modified":"2024-05-01T08:33:11","modified_gmt":"2024-05-01T15:33:11","slug":"firma-amlo-decreto-que-crea-el-fondo-para-pensiones-del-bienestar","status":"publish","type":"post","link":"https:\/\/www.regioncuatronoticias.com\/index.php\/2024\/05\/01\/firma-amlo-decreto-que-crea-el-fondo-para-pensiones-del-bienestar\/","title":{"rendered":"Firma AMLO decreto que crea el Fondo para Pensiones del Bienestar"},"content":{"rendered":"\n<p>El presidente Andr\u00e9s Manuel L\u00f3pez Obrador firm\u00f3 el decreto mediante el cual se crear\u00e1 el Fondo para las pensiones del Bienestar. Por la tarde se publicar\u00e1n en el Diario Oficial las reglas de operaci\u00f3n para poder suscribir el Fideicomiso que operar\u00e1 el Banco de M\u00e9xico en el que se establecer\u00e1n las condiciones para darle viabilidad financiera al mejoramiento del pago de pensiones m\u00e1s elevadas a los trabajadores que se jubilen con el r\u00e9gimen aprobado por el presidente Ernesto Zedillo.<\/p>\n\n\n\n<p>Durante la conferencia, se inform\u00f3 que el primero de julio comenzar\u00e1n a pagarse las nuevas pensiones para evitar que ya no perciban como pensi\u00f3n solo una tercera parte del \u00faltimo salario que obtuvieron cuando estaban activos, &#8220;pensiones de miseria&#8221;, dijo la secretaria de Gobernacion, Luisa Mar\u00eda Alcalde.<\/p>\n\n\n\n<p>De acuerdo al cronograma de la entrada en vigor, se promover\u00e1 una campa\u00f1a en radio y televisi\u00f3n para informar a la poblaci\u00f3n de la existencia de estas cuentas no reclamadas que todav\u00eda actualmente est\u00e1n en las Afores pero que deber\u00e1n ser trasladadas al IMSS como parte del financiamiento de este fondo.<\/p>\n\n\n\n<p>Por su parte, en ocasi\u00f3n del primero de mayo, d\u00eda del trabajo, el presidente Andr\u00e9s Manuel L\u00f3pez Obrador reivindic\u00f3 su pol\u00edtica laboral, que se ha orientado a recuperar la capacidad adquisitiva del salario m\u00ednimo que durante el periodo neoliberal cay\u00f3 en un 70 por ciento &#8220;no me gusta usar la palabra, pero eran salarios de hambre&#8221;.<\/p>\n\n\n\n<p>Tras anunciar que al mediod\u00eda se reunir\u00e1 en Palacio Nacional con un centenar de dirigentes sindicales para celebrar el d\u00eda de los trabajadores, dijo que la pol\u00edtica laboral de su gobierno pretendi\u00f3 corregir las aberraciones del neoliberalismo, y pretende ser el principio de la construcci\u00f3n del Estado del Bienestar, donde los trabajadores tengan seguridad social de la cuna hasta la muerte.<\/p>\n\n\n\n<p>&#8220;En esos 36 a\u00f1os de neoliberalismo, en ese periodo aciago de la historia nacional todas las reformas a la Constituci\u00f3n &nbsp;se hicieron para favorecer a una minor\u00eda, a los que se sent\u00edan due\u00f1os de M\u00e9xico, para privatizar los bienes del pueblo y la naci\u00f3n en beneficio de particulares, de los llamados hombres de negocios vinculados al poder, en realidad traficantes de influencia. No van a encontrar ninguna reforma que se haya hecho en beneficio del pueblo de M\u00e9xico, ni de los trabajadores.&#8221; , dijo el mandatario.<\/p>\n\n\n\n<p>Sin embargo, dijo, ya no es el tiempo en el que los salarios no alcanzaba ni para lo indispensable. L\u00f3pez Obrador consider\u00f3 que a\u00fan faltan aspectos por consolidar como es el derecho a la salud de los trabajadores para que tengan garantizada atenci\u00f3n m\u00e9dica para todas las enfermedades, acceso a los medicamentos.<\/p>\n\n\n\n<p>Se espera que al mediod\u00eda arriben a Palacio Nacional los,dirigentes sindicales para reunirse con L\u00f3pez Obrador.<\/p>\n","protected":false},"excerpt":{"rendered":"<p>El presidente Andr\u00e9s Manuel L\u00f3pez Obrador firm\u00f3 el decreto mediante el cual se crear\u00e1 el Fondo para las pensiones del Bienestar. Por la tarde se publicar\u00e1n en el Diario Oficial las reglas de operaci\u00f3n para poder suscribir el Fideicomiso que operar\u00e1 el Banco de M\u00e9xico en el que se establecer\u00e1n las condiciones para darle viabilidad [&hellip;]<\/p>\n","protected":false},"author":1,"featured_media":10568,"comment_status":"open","ping_status":"open","sticky":false,"template":"","format":"standard","meta":{"content-type":"","footnotes":""},"categories":[3,105],"tags":[],"class_list":{"0":"post-10566","1":"post","2":"type-post","3":"status-publish","4":"format-standard","5":"has-post-thumbnail","7":"category-mexico","8":"category-principal"},"_links":{"self":[{"href":"https:\/\/www.regioncuatronoticias.com\/index.php\/wp-json\/wp\/v2\/posts\/10566","targetHints":{"allow":["GET"]}}],"collection":[{"href":"https:\/\/www.regioncuatronoticias.com\/index.php\/wp-json\/wp\/v2\/posts"}],"about":[{"href":"https:\/\/www.regioncuatronoticias.com\/index.php\/wp-json\/wp\/v2\/types\/post"}],"author":[{"embeddable":true,"href":"https:\/\/www.regioncuatronoticias.com\/index.php\/wp-json\/wp\/v2\/users\/1"}],"replies":[{"embeddable":true,"href":"https:\/\/www.regioncuatronoticias.com\/index.php\/wp-json\/wp\/v2\/comments?post=10566"}],"version-history":[{"count":1,"href":"https:\/\/www.regioncuatronoticias.com\/index.php\/wp-json\/wp\/v2\/posts\/10566\/revisions"}],"predecessor-version":[{"id":10569,"href":"https:\/\/www.regioncuatronoticias.com\/index.php\/wp-json\/wp\/v2\/posts\/10566\/revisions\/10569"}],"wp:featuredmedia":[{"embeddable":true,"href":"https:\/\/www.regioncuatronoticias.com\/index.php\/wp-json\/wp\/v2\/media\/10568"}],"wp:attachment":[{"href":"https:\/\/www.regioncuatronoticias.com\/index.php\/wp-json\/wp\/v2\/media?parent=10566"}],"wp:term":[{"taxonomy":"category","embeddable":true,"href":"https:\/\/www.regioncuatronoticias.com\/index.php\/wp-json\/wp\/v2\/categories?post=10566"},{"taxonomy":"post_tag","embeddable":true,"href":"https:\/\/www.regioncuatronoticias.com\/index.php\/wp-json\/wp\/v2\/tags?post=10566"}],"curies":[{"name":"wp","href":"https:\/\/api.w.org\/{rel}","templated":true}]}}