{"id":10445,"date":"2024-04-29T12:41:04","date_gmt":"2024-04-29T19:41:04","guid":{"rendered":"https:\/\/www.regioncuatronoticias.com\/?p=10445"},"modified":"2024-04-29T12:41:05","modified_gmt":"2024-04-29T19:41:05","slug":"amlo-deja-fuera-informe-de-eu-sobre-dh-en-mexico-en-llamada-con-biden","status":"publish","type":"post","link":"https:\/\/www.regioncuatronoticias.com\/index.php\/2024\/04\/29\/amlo-deja-fuera-informe-de-eu-sobre-dh-en-mexico-en-llamada-con-biden\/","title":{"rendered":"AMLO deja fuera informe de EU sobre DH en M\u00e9xico en llamada con Biden"},"content":{"rendered":"\n<p>Con el objeto de intensificar la coordinaci\u00f3n entre ambos pa\u00edses, los presidentes de M\u00e9xico, Andr\u00e9s Manuel L\u00f3pez Obrador y Estados Unidos, Joe Biden sostuvieron este domingo una conversaci\u00f3n telef\u00f3nica.<\/p>\n\n\n\n<p>M\u00e1s adelante difundi\u00f3 el comunicado de la Canciller\u00eda sobre los acuerdos alcanzados entre los que destaca: \u201clos dos l\u00edderes ordenaron a sus equipos de seguridad nacional que trabajaran juntos para implementar de inmediato medidas concretas para reducir significamente los cruces fronterizos irregulares protegiendo los derechos humanos\u201d.<\/p>\n\n\n\n<p>De igual manera \u201cse comprometieron a promover iniciativas para abordar las causas fundamentales de la migraci\u00f3n en todo el hemisferio occidental\u201d, sobre la base de que la prosperidad compartida y la seguridad ser\u00e1 de vital importancia para abordar eficazmente el desaf\u00edo migratorio a largo plazo\u201d.<\/p>\n\n\n\n<p>Aunque el informe del Departamento de Estado sobre los derechos humanos en M\u00e9xico fue objeto de duras cr\u00edticas del mandatario mexicano la semana pasada, no fue un tema de la pl\u00e1tica porque \u201cno es trascendente, no es serio\u201d.<\/p>\n\n\n\n<p>En este contexto, volvi\u00f3 a criticar al documento del Departamento de Estado porque, entre otras cosas, cuestion\u00f3 las cr\u00edticas contra integrantes del Poder Judicial mientras ayer un juez (Rogelio Le\u00f3n D\u00edaz) orden\u00f3 liberar a Abraham Oseguera Cervantes, hermano del l\u00edder del C\u00e1rtel Jalisco, Nueva Generaci\u00f3n, Nemesio Oseguera.<\/p>\n\n\n\n<p>\u201cMe refiero, que la semana pasada el Departamento de Estado estaba defendiendo a los jueces, pero es un juez del Poder Judicial el que decide dejarlo en libertad aunque todav\u00eda hay tr\u00e1mites que se est\u00e1n realizando porque no queremos actuar de manera precipitada, se trata de un asunto delicado. Se tiene informaci\u00f3n que hay que comprobar que esta persona tiene antecedentes de haber estado en procesos legales, judiciales en Estados Unidos, entonces imag\u00ednense si procedemos a la ligera\u201d.<\/p>\n\n\n\n<p>Record\u00f3 que en su momento, en el sexenio anterior, por decisi\u00f3n de un juez, un fin de semana dejaron el libertad a Caro Quintero, \u201ccreo que la semana siguiente viene e reclamo y vuelven a reactivar la orden de aprehensi\u00f3n, nada mas que ya no estaba Caro Quintero\u201d.<\/p>\n\n\n\n<p>Consider\u00f3 que por la decisi\u00f3n de un juez \u201c\u00bfC\u00f3mo queda M\u00e9xico? \u00bfC\u00f3mo quedan las instituciones, aunque se trate de un juez?. Es el prestigio de un pa\u00eds, de la naci\u00f3n, del Estado mexicano no podemos ser burla de nadie\u201d.<\/p>\n\n\n\n<p>Al abundar en la conversaci\u00f3n Biden, durante su conferencia, L\u00f3pez Obrador dijo que aun cuando estaba de gira, platic\u00f3 con Biden desde Tulum a petici\u00f3n del mandatario estadunidense. Subray\u00f3 que ambos pa\u00edses tienen una intensa agenda en materia de migraci\u00f3n, \u00e1mbito que en la actualidad, los flujos se han reducido en la mitad como efecto de los programas como J\u00f3venes Construyendo el Futuro y Sembrando Vida que se aplican en Honduras, El Salvador, Guatemala y Cuba.<\/p>\n\n\n\n<p>\u201cNos comunicamos peri\u00f3dicamente, platicamos, para que tengan una idea, el promedio diario de migrantes en la frontera norte, se redujo desde enero a la mitad porque se est\u00e1n aplicando los programas de apoyo en varios pa\u00edses amigos de Am\u00e9rica Latina\u201d, dijo L\u00f3pez Obrador.<\/p>\n\n\n\n<p>Reconoci\u00f3 que en tiempos electorales, hay m\u00e1s propaganda sobre el tema migratorio, principalmente en Estados Unidos, donde ambos partidos lo utilizan como parte de su campa\u00f1a.<\/p>\n\n\n\n<p>En otro orden, a pregunta expresa sobre un intento de secuestro al reportero de Univisi\u00f3n, Francisco Cobos, el Presidente orden\u00f3 darle la protecci\u00f3n que requiera.<\/p>\n","protected":false},"excerpt":{"rendered":"<p>Con el objeto de intensificar la coordinaci\u00f3n entre ambos pa\u00edses, los presidentes de M\u00e9xico, Andr\u00e9s Manuel L\u00f3pez Obrador y Estados Unidos, Joe Biden sostuvieron este domingo una conversaci\u00f3n telef\u00f3nica. M\u00e1s adelante difundi\u00f3 el comunicado de la Canciller\u00eda sobre los acuerdos alcanzados entre los que destaca: \u201clos dos l\u00edderes ordenaron a sus equipos de seguridad nacional [&hellip;]<\/p>\n","protected":false},"author":1,"featured_media":10446,"comment_status":"open","ping_status":"open","sticky":false,"template":"","format":"standard","meta":{"content-type":"","footnotes":""},"categories":[105],"tags":[],"class_list":{"0":"post-10445","1":"post","2":"type-post","3":"status-publish","4":"format-standard","5":"has-post-thumbnail","7":"category-principal"},"_links":{"self":[{"href":"https:\/\/www.regioncuatronoticias.com\/index.php\/wp-json\/wp\/v2\/posts\/10445","targetHints":{"allow":["GET"]}}],"collection":[{"href":"https:\/\/www.regioncuatronoticias.com\/index.php\/wp-json\/wp\/v2\/posts"}],"about":[{"href":"https:\/\/www.regioncuatronoticias.com\/index.php\/wp-json\/wp\/v2\/types\/post"}],"author":[{"embeddable":true,"href":"https:\/\/www.regioncuatronoticias.com\/index.php\/wp-json\/wp\/v2\/users\/1"}],"replies":[{"embeddable":true,"href":"https:\/\/www.regioncuatronoticias.com\/index.php\/wp-json\/wp\/v2\/comments?post=10445"}],"version-history":[{"count":1,"href":"https:\/\/www.regioncuatronoticias.com\/index.php\/wp-json\/wp\/v2\/posts\/10445\/revisions"}],"predecessor-version":[{"id":10447,"href":"https:\/\/www.regioncuatronoticias.com\/index.php\/wp-json\/wp\/v2\/posts\/10445\/revisions\/10447"}],"wp:featuredmedia":[{"embeddable":true,"href":"https:\/\/www.regioncuatronoticias.com\/index.php\/wp-json\/wp\/v2\/media\/10446"}],"wp:attachment":[{"href":"https:\/\/www.regioncuatronoticias.com\/index.php\/wp-json\/wp\/v2\/media?parent=10445"}],"wp:term":[{"taxonomy":"category","embeddable":true,"href":"https:\/\/www.regioncuatronoticias.com\/index.php\/wp-json\/wp\/v2\/categories?post=10445"},{"taxonomy":"post_tag","embeddable":true,"href":"https:\/\/www.regioncuatronoticias.com\/index.php\/wp-json\/wp\/v2\/tags?post=10445"}],"curies":[{"name":"wp","href":"https:\/\/api.w.org\/{rel}","templated":true}]}}