{"id":10442,"date":"2024-04-29T10:55:57","date_gmt":"2024-04-29T17:55:57","guid":{"rendered":"https:\/\/www.regioncuatronoticias.com\/?p=10442"},"modified":"2024-04-29T10:55:59","modified_gmt":"2024-04-29T17:55:59","slug":"jose-mujica-anuncia-que-padece-cancer-de-esofago","status":"publish","type":"post","link":"https:\/\/www.regioncuatronoticias.com\/index.php\/2024\/04\/29\/jose-mujica-anuncia-que-padece-cancer-de-esofago\/","title":{"rendered":"Jos\u00e9 Mujica anuncia que padece c\u00e1ncer de es\u00f3fago"},"content":{"rendered":"\n<p>Montevideo. El expresidente de Uruguay Jos\u00e9 Mujica anunci\u00f3 estel lunes que padece un c\u00e1ncer de es\u00f3fago despu\u00e9s de que se le detectara un tumor durante un chequeo m\u00e9dico el pasado viernes.<\/p>\n\n\n\n<p>\u201cSe descubri\u00f3 que tengo un tumor en el es\u00f3fago, que es algo obviamente muy comprometido y que es doblemente complejo en mi caso, porque padezco una enfermedad inmunol\u00f3gica\u201d, dijo en una conferencia de prensa el ex mandatario.<\/p>\n\n\n\n<p>Mujica, de 88 a\u00f1os, agreg\u00f3 que debido a esa enfermedad hay \u201cdificultades\u201d para emplear t\u00e9cnicas de quimioterapia o cirug\u00edas, por lo que los equipos m\u00e9dicos est\u00e1n evaluando las formas de tratamiento m\u00e1s viables.<\/p>\n\n\n\n<p>M\u00e1s conocido como Pepe Mujica, el expresidente estuvo al frente de Uruguay entre 2010 y 2015 y su gobierno se destac\u00f3 por una amplia agenda social, que incluy\u00f3 el respaldo al matrimonio entre personas del mismo sexo y la creaci\u00f3n del primer mercado nacional para la marihuana legal.<\/p>\n\n\n\n<p>Pese a que se retir\u00f3 del Senado y de la pol\u00edtica en 2020, nunca par\u00f3 de abogar por las causas que defiende, por lo que asegur\u00f3 que, mientras pueda, seguir\u00e1 militando en las filas del izquierdista Frente Amplio.<\/p>\n\n\n\n<p>\u201cMientras el rollo aguante, voy a seguir. Quiero transmitirle a las pibas y pibes (j\u00f3venes) que la vida es hermosa, pero se gasta y se cae. El quid es empezar de vuelta cada vez que uno cae y, si hay bronca, que la transformen en esperanza. Nadie se salva solo\u201d, expres\u00f3 en la rueda de prensa.<\/p>\n","protected":false},"excerpt":{"rendered":"<p>Montevideo. El expresidente de Uruguay Jos\u00e9 Mujica anunci\u00f3 estel lunes que padece un c\u00e1ncer de es\u00f3fago despu\u00e9s de que se le detectara un tumor durante un chequeo m\u00e9dico el pasado viernes. \u201cSe descubri\u00f3 que tengo un tumor en el es\u00f3fago, que es algo obviamente muy comprometido y que es doblemente complejo en mi caso, porque [&hellip;]<\/p>\n","protected":false},"author":1,"featured_media":10443,"comment_status":"open","ping_status":"open","sticky":false,"template":"","format":"standard","meta":{"content-type":"","footnotes":""},"categories":[7],"tags":[],"class_list":{"0":"post-10442","1":"post","2":"type-post","3":"status-publish","4":"format-standard","5":"has-post-thumbnail","7":"category-internacional"},"_links":{"self":[{"href":"https:\/\/www.regioncuatronoticias.com\/index.php\/wp-json\/wp\/v2\/posts\/10442","targetHints":{"allow":["GET"]}}],"collection":[{"href":"https:\/\/www.regioncuatronoticias.com\/index.php\/wp-json\/wp\/v2\/posts"}],"about":[{"href":"https:\/\/www.regioncuatronoticias.com\/index.php\/wp-json\/wp\/v2\/types\/post"}],"author":[{"embeddable":true,"href":"https:\/\/www.regioncuatronoticias.com\/index.php\/wp-json\/wp\/v2\/users\/1"}],"replies":[{"embeddable":true,"href":"https:\/\/www.regioncuatronoticias.com\/index.php\/wp-json\/wp\/v2\/comments?post=10442"}],"version-history":[{"count":1,"href":"https:\/\/www.regioncuatronoticias.com\/index.php\/wp-json\/wp\/v2\/posts\/10442\/revisions"}],"predecessor-version":[{"id":10444,"href":"https:\/\/www.regioncuatronoticias.com\/index.php\/wp-json\/wp\/v2\/posts\/10442\/revisions\/10444"}],"wp:featuredmedia":[{"embeddable":true,"href":"https:\/\/www.regioncuatronoticias.com\/index.php\/wp-json\/wp\/v2\/media\/10443"}],"wp:attachment":[{"href":"https:\/\/www.regioncuatronoticias.com\/index.php\/wp-json\/wp\/v2\/media?parent=10442"}],"wp:term":[{"taxonomy":"category","embeddable":true,"href":"https:\/\/www.regioncuatronoticias.com\/index.php\/wp-json\/wp\/v2\/categories?post=10442"},{"taxonomy":"post_tag","embeddable":true,"href":"https:\/\/www.regioncuatronoticias.com\/index.php\/wp-json\/wp\/v2\/tags?post=10442"}],"curies":[{"name":"wp","href":"https:\/\/api.w.org\/{rel}","templated":true}]}}