{"id":10439,"date":"2024-04-29T10:54:58","date_gmt":"2024-04-29T17:54:58","guid":{"rendered":"https:\/\/www.regioncuatronoticias.com\/?p=10439"},"modified":"2024-04-29T10:55:00","modified_gmt":"2024-04-29T17:55:00","slug":"estamos-en-eso-en-la-lucha-contra-bandas-criminales-amlo","status":"publish","type":"post","link":"https:\/\/www.regioncuatronoticias.com\/index.php\/2024\/04\/29\/estamos-en-eso-en-la-lucha-contra-bandas-criminales-amlo\/","title":{"rendered":"\u201cEstamos en eso\u201d, en la lucha contra bandas criminales: AMLO"},"content":{"rendered":"\n<p>El presidente Andr\u00e9s Manuel L\u00f3pez Obrador atribuy\u00f3 a la lucha de bandas criminales por los territorios, el que hoy haya presencia de estos grupos donde anteriormente no se presentaban.<\/p>\n\n\n\n<p>\u201cHay estados en donde no hab\u00eda tanta presencia de la delincuencia, y ahora hay m\u00e1s; y otros donde, como vimos Tamaulipas, donde ha bajado la incidencia delictiva, son los movimientos. Muchas veces son las confrontaciones entre grupos que est\u00e1n uno o dos grupos, y luego llega otro y empezar a enfrentarse\u201d, se\u00f1al\u00f3 en la ma\u00f1anera de este lunes.<\/p>\n\n\n\n<p>Interrogado sobre el crecimiento de la violencia en Cozumel, Quintana Roo, y el trasiego de droga a esa isla, el mandatario reconoci\u00f3 que hay puntos del pa\u00eds donde ha crecido la presencia del crimen organizado.<\/p>\n\n\n\n<p>\u201cEso produce esta situaci\u00f3n (la pelea por territorio). Eso de: \u2018Ya vamos a poner orden nosotros, vamos a barrer\u2019, es lo mismo, es la llegada de un grupo o que se dividen y se enfrentan\u201d.<\/p>\n\n\n\n<p>Destac\u00f3 que su gobierno trabaja para confrontar a estos grupos y evitar da\u00f1os a la ciudadan\u00eda.<\/p>\n\n\n\n<p>\u201cEstamos en eso\u201d. Aunque subray\u00f3 que el punto centra de su estrategia contra la delincuencia y la inseguridad es atender las causas que generan la violencia.<\/p>\n\n\n\n<p>\u201cNosotros cuidamos a todos, a todos los seres humanos, tenemos la obligaci\u00f3n de hacerlo, de evitar la violencia y lo hacemos, y vamos avanzando\u201d.<\/p>\n\n\n\n<p>\u2014\u00bfpero mientras ellos pueden operar libremente? -se le acot\u00f3.<\/p>\n\n\n\n<p>\u2014No, no, ya no es como antes \u2014dijo.<\/p>\n\n\n\n<p>Y continu\u00f3: \u201cAhora en Chiapas, por ejemplo, hay un grupo especial de cerca de mil elementos; en Tabasco, lo mismo, y van a llegar m\u00e1s; y en Quintana Roo estamos actuando. Nada m\u00e1s imaginen que estamos construyendo cuarteles para la Guardia Nacional en cada estaci\u00f3n del Tren Maya, que va a haber vigilancia el helic\u00f3ptero, estamos fortaleciendo toda la seguridad del sureste, pero no s\u00f3lo es el Tren Maya; en el Trans\u00edstmico, ah\u00ed es la Marina, en cada estaci\u00f3n van a encontrar instalaciones de la Marina para seguridad\u201d.<\/p>\n\n\n\n<p>El jefe del Ejecutivo se comprometi\u00f3 a que ma\u00f1ana, durante el informe quincenal del gabinete de seguridad, se dar\u00e1n a conocer las cifras de las personas que han sido desplazadas de sus territorios, en especial en Chiapas, derivado de la violencia y el incremento de grupos criminales.<\/p>\n","protected":false},"excerpt":{"rendered":"<p>El presidente Andr\u00e9s Manuel L\u00f3pez Obrador atribuy\u00f3 a la lucha de bandas criminales por los territorios, el que hoy haya presencia de estos grupos donde anteriormente no se presentaban. \u201cHay estados en donde no hab\u00eda tanta presencia de la delincuencia, y ahora hay m\u00e1s; y otros donde, como vimos Tamaulipas, donde ha bajado la incidencia [&hellip;]<\/p>\n","protected":false},"author":1,"featured_media":10440,"comment_status":"open","ping_status":"open","sticky":false,"template":"","format":"standard","meta":{"content-type":"","footnotes":""},"categories":[3],"tags":[],"class_list":{"0":"post-10439","1":"post","2":"type-post","3":"status-publish","4":"format-standard","5":"has-post-thumbnail","7":"category-mexico"},"_links":{"self":[{"href":"https:\/\/www.regioncuatronoticias.com\/index.php\/wp-json\/wp\/v2\/posts\/10439","targetHints":{"allow":["GET"]}}],"collection":[{"href":"https:\/\/www.regioncuatronoticias.com\/index.php\/wp-json\/wp\/v2\/posts"}],"about":[{"href":"https:\/\/www.regioncuatronoticias.com\/index.php\/wp-json\/wp\/v2\/types\/post"}],"author":[{"embeddable":true,"href":"https:\/\/www.regioncuatronoticias.com\/index.php\/wp-json\/wp\/v2\/users\/1"}],"replies":[{"embeddable":true,"href":"https:\/\/www.regioncuatronoticias.com\/index.php\/wp-json\/wp\/v2\/comments?post=10439"}],"version-history":[{"count":1,"href":"https:\/\/www.regioncuatronoticias.com\/index.php\/wp-json\/wp\/v2\/posts\/10439\/revisions"}],"predecessor-version":[{"id":10441,"href":"https:\/\/www.regioncuatronoticias.com\/index.php\/wp-json\/wp\/v2\/posts\/10439\/revisions\/10441"}],"wp:featuredmedia":[{"embeddable":true,"href":"https:\/\/www.regioncuatronoticias.com\/index.php\/wp-json\/wp\/v2\/media\/10440"}],"wp:attachment":[{"href":"https:\/\/www.regioncuatronoticias.com\/index.php\/wp-json\/wp\/v2\/media?parent=10439"}],"wp:term":[{"taxonomy":"category","embeddable":true,"href":"https:\/\/www.regioncuatronoticias.com\/index.php\/wp-json\/wp\/v2\/categories?post=10439"},{"taxonomy":"post_tag","embeddable":true,"href":"https:\/\/www.regioncuatronoticias.com\/index.php\/wp-json\/wp\/v2\/tags?post=10439"}],"curies":[{"name":"wp","href":"https:\/\/api.w.org\/{rel}","templated":true}]}}