{"id":10436,"date":"2024-04-29T10:50:00","date_gmt":"2024-04-29T17:50:00","guid":{"rendered":"https:\/\/www.regioncuatronoticias.com\/?p=10436"},"modified":"2024-04-29T10:50:01","modified_gmt":"2024-04-29T17:50:01","slug":"ecuador-demanda-a-mexico-ante-la-cij-por-asilo-a-ex-vicepresidente-glas","status":"publish","type":"post","link":"https:\/\/www.regioncuatronoticias.com\/index.php\/2024\/04\/29\/ecuador-demanda-a-mexico-ante-la-cij-por-asilo-a-ex-vicepresidente-glas\/","title":{"rendered":"Ecuador demanda a M\u00e9xico ante la CIJ por asilo a ex vicepresidente Glas"},"content":{"rendered":"\n<p><em>Quito<\/em>. Ecuador anunci\u00f3 este lunes que demand\u00f3 a M\u00e9xico ante la Corte Internacional de Justicia por la concesi\u00f3n, presuntamente ilegal, del asilo pol\u00edtico al ex vicepresidente Jorge Glas, quien posteriormente fue apresado tras una irrupci\u00f3n en la embajada de ese pa\u00eds en Quito, lo que desencaden\u00f3 la ruptura de relaciones diplom\u00e1ticas entre ambos pa\u00edses.<\/p>\n\n\n\n<p>La canciller\u00eda ecuatoriana indic\u00f3 en un comunicado que seg\u00fan la denuncia M\u00e9xico ha incumplido \u201csus obligaciones de no otorgar asilo a personas que se encuentren procesadas o en juicio por delitos comunes o hayan sido condenadas por tribunales ordinarios competentes&#8221;.<\/p>\n\n\n\n<p>Poco despu\u00e9s de la concesi\u00f3n del asilo un grupo de polic\u00edas y militares ecuatorianos irrumpieron en las instalaciones de la embajada de M\u00e9xico en la capital ecuatoriana y apresaron a Glas.<\/p>\n\n\n\n<p>Glas, de 54 a\u00f1os, ocup\u00f3 la vicepresidencia entre 2013 y 2017 durante el gobierno del expresidente Rafael Correa, tras lo cual fue procesado por la justicia y recibi\u00f3 dos sentencias por corrupci\u00f3n: una de seis a\u00f1os de prisi\u00f3n por el caso Odebrecht y otra de ocho a\u00f1os por recibir sobornos a cambio de autorizar obras p\u00fablicas.<\/p>\n\n\n\n<p>A inicios de este a\u00f1o la justicia lo requiri\u00f3 nuevamente en un caso de presunta malversaci\u00f3n de fondos destinados a la reconstrucci\u00f3n de las provincias de Manab\u00ed y Esmeraldas, afectadas por un potente terremoto en 2016.<\/p>\n\n\n\n<p>El ingreso a la embajada de M\u00e9xico de elementos de un cuerpo de \u00e9lite de la Polic\u00eda Nacional de Ecuador, la noche del 5 de abril para detener a Glas desat\u00f3 una crisis pol\u00edtica entre ambos pa\u00edses que escal\u00f3 hasta la ruptura de relaciones diplom\u00e1ticas y una denuncia de M\u00e9xico contra Ecuador en la Corte Internacional de Justicia (CIJ).<\/p>\n","protected":false},"excerpt":{"rendered":"<p>Quito. Ecuador anunci\u00f3 este lunes que demand\u00f3 a M\u00e9xico ante la Corte Internacional de Justicia por la concesi\u00f3n, presuntamente ilegal, del asilo pol\u00edtico al ex vicepresidente Jorge Glas, quien posteriormente fue apresado tras una irrupci\u00f3n en la embajada de ese pa\u00eds en Quito, lo que desencaden\u00f3 la ruptura de relaciones diplom\u00e1ticas entre ambos pa\u00edses. La [&hellip;]<\/p>\n","protected":false},"author":1,"featured_media":10437,"comment_status":"open","ping_status":"open","sticky":false,"template":"","format":"standard","meta":{"content-type":"","footnotes":""},"categories":[7],"tags":[],"class_list":{"0":"post-10436","1":"post","2":"type-post","3":"status-publish","4":"format-standard","5":"has-post-thumbnail","7":"category-internacional"},"_links":{"self":[{"href":"https:\/\/www.regioncuatronoticias.com\/index.php\/wp-json\/wp\/v2\/posts\/10436","targetHints":{"allow":["GET"]}}],"collection":[{"href":"https:\/\/www.regioncuatronoticias.com\/index.php\/wp-json\/wp\/v2\/posts"}],"about":[{"href":"https:\/\/www.regioncuatronoticias.com\/index.php\/wp-json\/wp\/v2\/types\/post"}],"author":[{"embeddable":true,"href":"https:\/\/www.regioncuatronoticias.com\/index.php\/wp-json\/wp\/v2\/users\/1"}],"replies":[{"embeddable":true,"href":"https:\/\/www.regioncuatronoticias.com\/index.php\/wp-json\/wp\/v2\/comments?post=10436"}],"version-history":[{"count":1,"href":"https:\/\/www.regioncuatronoticias.com\/index.php\/wp-json\/wp\/v2\/posts\/10436\/revisions"}],"predecessor-version":[{"id":10438,"href":"https:\/\/www.regioncuatronoticias.com\/index.php\/wp-json\/wp\/v2\/posts\/10436\/revisions\/10438"}],"wp:featuredmedia":[{"embeddable":true,"href":"https:\/\/www.regioncuatronoticias.com\/index.php\/wp-json\/wp\/v2\/media\/10437"}],"wp:attachment":[{"href":"https:\/\/www.regioncuatronoticias.com\/index.php\/wp-json\/wp\/v2\/media?parent=10436"}],"wp:term":[{"taxonomy":"category","embeddable":true,"href":"https:\/\/www.regioncuatronoticias.com\/index.php\/wp-json\/wp\/v2\/categories?post=10436"},{"taxonomy":"post_tag","embeddable":true,"href":"https:\/\/www.regioncuatronoticias.com\/index.php\/wp-json\/wp\/v2\/tags?post=10436"}],"curies":[{"name":"wp","href":"https:\/\/api.w.org\/{rel}","templated":true}]}}