{"id":10433,"date":"2024-04-29T10:49:04","date_gmt":"2024-04-29T17:49:04","guid":{"rendered":"https:\/\/www.regioncuatronoticias.com\/?p=10433"},"modified":"2024-04-29T10:49:05","modified_gmt":"2024-04-29T17:49:05","slug":"con-carcajada-responde-amlo-a-orden-de-ine-sobre-editar-mananeras","status":"publish","type":"post","link":"https:\/\/www.regioncuatronoticias.com\/index.php\/2024\/04\/29\/con-carcajada-responde-amlo-a-orden-de-ine-sobre-editar-mananeras\/","title":{"rendered":"Con carcajada responde AMLO a orden de INE sobre editar &#8216;ma\u00f1aneras&#8217;"},"content":{"rendered":"\n<p>Con una carcajada, el presidente Andr\u00e9s Manuel L\u00f3pez Obrador respondi\u00f3 a la nueva decisi\u00f3n de la Comisi\u00f3n de Quejas y Denuncias del Instituto Nacional Electoral (INE) que determin\u00f3 que antes de subir a redes sociales y plataformas de internet, se deben editar en todas las ma\u00f1aneras las partes en las que se emitan pronunciamientos o expresiones que violen la ley electoral.<\/p>\n\n\n\n<p>\u201cSuic\u00eddate y luego hablamos\u201d, ironiz\u00f3 el mandatario a pregunta sobre el tema este lunes en la conferencia matutina en Palacio Nacional.<\/p>\n\n\n\n<p>El tabasque\u00f1o expres\u00f3 su sorpresa por dicha determinaci\u00f3n, sobre todo porque las ma\u00f1aneras son en vivo tanto en canales de los medios p\u00fablicos como en espacios de&nbsp;<em>streaming<\/em>.<\/p>\n\n\n\n<p>Cuando se le aclar\u00f3 que la orden es que el \u00e1rea de comunicaci\u00f3n social edite las ma\u00f1aneras, el mandatario replic\u00f3: \u201cEst\u00e1 bien, despu\u00e9s si ellos consideran, eso ya lo hacemos, cuando el tribunal (electoral) dice bajen esto, se baja\u2026\u201d<\/p>\n\n\n\n<p>-La idea es que sea antes que subirlas a las redes \u2014se le precis\u00f3.<\/p>\n\n\n\n<p>-\u00a1No, pues c\u00f3mo! Jajajaja. \u00bfDe veras? Pues s\u00f3lo por telepat\u00eda \u2014respondi\u00f3 con una gran carcajada el titular del Ejecutivo.<\/p>\n\n\n\n<p>Y agreg\u00f3: \u201cQu\u00e9 van a imaginar ustedes que son tan preguntones, preguntonas, con todo respeto, cari\u00f1o, ni modo que ya sepa que me van a venir a preguntar aqu\u00ed\u201d.<\/p>\n\n\n\n<p>-\u00bfEs un acto de censura? \u2014se le dijo.<\/p>\n\n\n\n<p>-No, es lo mismo\u2026 pero falta todav\u00eda lo del tribunal \u00bfno? \u2014pregunt\u00f3 ante la duda de si esa determinaci\u00f3n tendr\u00e1 que pasar al tribunal electoral.<\/p>\n\n\n\n<p>Y sigui\u00f3: \u201c\u00bfPero previamente? \u00a1Pues no! \u00a1Suic\u00eddate y luego hablamos! \u00a1Jajajajaja\u201d.<\/p>\n","protected":false},"excerpt":{"rendered":"<p>Con una carcajada, el presidente Andr\u00e9s Manuel L\u00f3pez Obrador respondi\u00f3 a la nueva decisi\u00f3n de la Comisi\u00f3n de Quejas y Denuncias del Instituto Nacional Electoral (INE) que determin\u00f3 que antes de subir a redes sociales y plataformas de internet, se deben editar en todas las ma\u00f1aneras las partes en las que se emitan pronunciamientos o [&hellip;]<\/p>\n","protected":false},"author":1,"featured_media":10434,"comment_status":"open","ping_status":"open","sticky":false,"template":"","format":"standard","meta":{"content-type":"","footnotes":""},"categories":[3],"tags":[],"class_list":{"0":"post-10433","1":"post","2":"type-post","3":"status-publish","4":"format-standard","5":"has-post-thumbnail","7":"category-mexico"},"_links":{"self":[{"href":"https:\/\/www.regioncuatronoticias.com\/index.php\/wp-json\/wp\/v2\/posts\/10433","targetHints":{"allow":["GET"]}}],"collection":[{"href":"https:\/\/www.regioncuatronoticias.com\/index.php\/wp-json\/wp\/v2\/posts"}],"about":[{"href":"https:\/\/www.regioncuatronoticias.com\/index.php\/wp-json\/wp\/v2\/types\/post"}],"author":[{"embeddable":true,"href":"https:\/\/www.regioncuatronoticias.com\/index.php\/wp-json\/wp\/v2\/users\/1"}],"replies":[{"embeddable":true,"href":"https:\/\/www.regioncuatronoticias.com\/index.php\/wp-json\/wp\/v2\/comments?post=10433"}],"version-history":[{"count":1,"href":"https:\/\/www.regioncuatronoticias.com\/index.php\/wp-json\/wp\/v2\/posts\/10433\/revisions"}],"predecessor-version":[{"id":10435,"href":"https:\/\/www.regioncuatronoticias.com\/index.php\/wp-json\/wp\/v2\/posts\/10433\/revisions\/10435"}],"wp:featuredmedia":[{"embeddable":true,"href":"https:\/\/www.regioncuatronoticias.com\/index.php\/wp-json\/wp\/v2\/media\/10434"}],"wp:attachment":[{"href":"https:\/\/www.regioncuatronoticias.com\/index.php\/wp-json\/wp\/v2\/media?parent=10433"}],"wp:term":[{"taxonomy":"category","embeddable":true,"href":"https:\/\/www.regioncuatronoticias.com\/index.php\/wp-json\/wp\/v2\/categories?post=10433"},{"taxonomy":"post_tag","embeddable":true,"href":"https:\/\/www.regioncuatronoticias.com\/index.php\/wp-json\/wp\/v2\/tags?post=10433"}],"curies":[{"name":"wp","href":"https:\/\/api.w.org\/{rel}","templated":true}]}}