{"id":10430,"date":"2024-04-29T10:48:08","date_gmt":"2024-04-29T17:48:08","guid":{"rendered":"https:\/\/www.regioncuatronoticias.com\/?p=10430"},"modified":"2024-04-29T10:48:10","modified_gmt":"2024-04-29T17:48:10","slug":"voto-en-contra-de-las-pensiones-los-mismos-que-en-sexenios-neoliberales-amlo","status":"publish","type":"post","link":"https:\/\/www.regioncuatronoticias.com\/index.php\/2024\/04\/29\/voto-en-contra-de-las-pensiones-los-mismos-que-en-sexenios-neoliberales-amlo\/","title":{"rendered":"Voto en contra de las pensiones, los mismos que en sexenios neoliberales: AMLO"},"content":{"rendered":"\n<p>El presidente Andr\u00e9s Manuel L\u00f3pez Obrador resalt\u00f3 que quienes votaron en contra de la creaci\u00f3n del Fondo de Pensiones para el Bienestar, son los mismos que en los sexenios neoliberales votaron en favor de la privatizaci\u00f3n del manejo de las pensiones.<\/p>\n\n\n\n<p>\u201cLlegaron a decir que quer\u00edamos robarnos las pensiones de los trabajadores (con el nuevo fondo, aprobado por el Congreso la semana pasada). En el fondo, pues es eso. \u00bfQui\u00e9nes votaron en contra? Pues los que votaron en la \u00e9poca de (Ernesto) Zedillo y de (Felipe) Calder\u00f3n a favor de las Afores, de la privatizaci\u00f3n de las pensiones, o del manejo privatizador de las pensiones\u201d.<\/p>\n\n\n\n<p>Sin embargo, dijo, esos sectores, incluidos los banqueros que manejan las Afores, \u201cya se est\u00e1n resignando. Y nosotros no somos ladrones\u201d.<\/p>\n\n\n\n<p>Interrogado sobre c\u00f3mo celebrar\u00e1 el D\u00eda del Trabajo, el pr\u00f3ximo 1 de mayo, el mandatario remarc\u00f3 que tendr\u00e1 una reuni\u00f3n con dirigentes sindicales, a la par que firmar\u00e1 la ley para la operaci\u00f3n del Fondo de Pensiones para el Bienestar, a fin que ese mismo d\u00eda se publique en el Diario Oficial de la Federaci\u00f3n.<\/p>\n\n\n\n<p>\u201cEs un avance, porque ya los trabajadores van a poder jubilarse hasta los que tienen ingresos de 17 mil pesos mensuales ahora, con el 100 por ciento, cosa que no suced\u00eda porque de manera irresponsable, inhumana, injusta, tanto el gobierno de Zedillo como el de Calder\u00f3n modificaron la Constituci\u00f3n para que el trabajador al jubilarse no recibiera todo su sueldo, sino s\u00f3lo un porcentaje&#8221;.<\/p>\n\n\n\n<p>\u201cEso es lo que estamos corrigiendo, es lo que estamos reparando, por eso ese fondo compensatorio, para el que se jubile con el 60 por ciento se le pueda aportar 40 por ciento adicional, y tenga el 100 por ciento\u201d.<\/p>\n\n\n\n<p>El jefe del Ejecutivo asever\u00f3 que esta propuesta \u201cgener\u00f3 mucho revuelo, porque los que manejan las pensiones, por estos cambios que hubieron en el periodo neoliberal, que son banqueros, pues no les gust\u00f3, no quieren que las cosas funcionen de manera legal, transparente, en beneficio de los trabajadores\u201d.<\/p>\n\n\n\n<p>Pero insisti\u00f3 en que han comenzando a resignarse. A la par subray\u00f3 que su administraci\u00f3n no pretende quedarse con el dinero de los ahorros en pensiones que han hecho los propios trabajadores a partir del surgimiento de las Afores, y hasta cit\u00f3 al renombrado autor mexicano Juan Rulfo, con el libro \u201cEn este pueblo no hay ladrones\u201d.<\/p>\n","protected":false},"excerpt":{"rendered":"<p>El presidente Andr\u00e9s Manuel L\u00f3pez Obrador resalt\u00f3 que quienes votaron en contra de la creaci\u00f3n del Fondo de Pensiones para el Bienestar, son los mismos que en los sexenios neoliberales votaron en favor de la privatizaci\u00f3n del manejo de las pensiones. \u201cLlegaron a decir que quer\u00edamos robarnos las pensiones de los trabajadores (con el nuevo [&hellip;]<\/p>\n","protected":false},"author":1,"featured_media":10431,"comment_status":"open","ping_status":"open","sticky":false,"template":"","format":"standard","meta":{"content-type":"","footnotes":""},"categories":[3],"tags":[],"class_list":{"0":"post-10430","1":"post","2":"type-post","3":"status-publish","4":"format-standard","5":"has-post-thumbnail","7":"category-mexico"},"_links":{"self":[{"href":"https:\/\/www.regioncuatronoticias.com\/index.php\/wp-json\/wp\/v2\/posts\/10430","targetHints":{"allow":["GET"]}}],"collection":[{"href":"https:\/\/www.regioncuatronoticias.com\/index.php\/wp-json\/wp\/v2\/posts"}],"about":[{"href":"https:\/\/www.regioncuatronoticias.com\/index.php\/wp-json\/wp\/v2\/types\/post"}],"author":[{"embeddable":true,"href":"https:\/\/www.regioncuatronoticias.com\/index.php\/wp-json\/wp\/v2\/users\/1"}],"replies":[{"embeddable":true,"href":"https:\/\/www.regioncuatronoticias.com\/index.php\/wp-json\/wp\/v2\/comments?post=10430"}],"version-history":[{"count":1,"href":"https:\/\/www.regioncuatronoticias.com\/index.php\/wp-json\/wp\/v2\/posts\/10430\/revisions"}],"predecessor-version":[{"id":10432,"href":"https:\/\/www.regioncuatronoticias.com\/index.php\/wp-json\/wp\/v2\/posts\/10430\/revisions\/10432"}],"wp:featuredmedia":[{"embeddable":true,"href":"https:\/\/www.regioncuatronoticias.com\/index.php\/wp-json\/wp\/v2\/media\/10431"}],"wp:attachment":[{"href":"https:\/\/www.regioncuatronoticias.com\/index.php\/wp-json\/wp\/v2\/media?parent=10430"}],"wp:term":[{"taxonomy":"category","embeddable":true,"href":"https:\/\/www.regioncuatronoticias.com\/index.php\/wp-json\/wp\/v2\/categories?post=10430"},{"taxonomy":"post_tag","embeddable":true,"href":"https:\/\/www.regioncuatronoticias.com\/index.php\/wp-json\/wp\/v2\/tags?post=10430"}],"curies":[{"name":"wp","href":"https:\/\/api.w.org\/{rel}","templated":true}]}}