{"id":10421,"date":"2024-04-29T10:45:34","date_gmt":"2024-04-29T17:45:34","guid":{"rendered":"https:\/\/www.regioncuatronoticias.com\/?p=10421"},"modified":"2024-04-29T10:45:35","modified_gmt":"2024-04-29T17:45:35","slug":"preocupan-a-israel-posibles-ordenes-de-arresto-de-la-cpi-por-gaza","status":"publish","type":"post","link":"https:\/\/www.regioncuatronoticias.com\/index.php\/2024\/04\/29\/preocupan-a-israel-posibles-ordenes-de-arresto-de-la-cpi-por-gaza\/","title":{"rendered":"Preocupan a Israel posibles \u00f3rdenes de arresto de la CPI por Gaza"},"content":{"rendered":"\n<p>Jerusal\u00e9n. Israel ha expresado su preocupaci\u00f3n ante la posibilidad de que la Corte Penal Internacional (CPI) est\u00e9 preparando \u00f3rdenes de detenci\u00f3n contra funcionarios del Gobierno por cargos relacionados con la conducci\u00f3n de su guerra contra Hamas.<\/p>\n\n\n\n<p>La CPI -que puede acusar a individuos de cr\u00edmenes de guerra, cr\u00edmenes contra la humanidad y genocidio- est\u00e1 investigando el ataque transfronterizo de Hamas del 7 de octubre y el devastador asalto militar de Israel a Gaza, gobernada por el grump islamita, que ya lleva casi siete meses.<\/p>\n\n\n\n<p>En respuesta a reportes de medios de comunicaci\u00f3n israel\u00edes, seg\u00fan las cuales la CPI podr\u00eda dictar en breve \u00f3rdenes de detenci\u00f3n contra altos cargos del Gobierno y el ej\u00e9rcito israel\u00edes, el ministro de Asuntos Exteriores, Israel Katz, advirti\u00f3 el domingo a las embajadas israel\u00edes que refuercen su seguridad ante el riesgo de una &#8220;oleada de antisemitismo grave&#8221;.<\/p>\n\n\n\n<p>&#8220;Esperamos que el tribunal (CPI) se abstenga de dictar \u00f3rdenes de detenci\u00f3n contra altos cargos pol\u00edticos y de seguridad israel\u00edes&#8221;, dijo Katz. &#8220;No agacharemos la cabeza ni nos dejaremos disuadir y seguiremos luchando&#8221;.<\/p>\n\n\n\n<p>El primer ministro Benjamin Netanyahu dijo el viernes que cualquier decisi\u00f3n de la CPI no afectar\u00eda a las acciones de Israel, pero sentar\u00eda un peligroso precedente.<\/p>\n\n\n\n<p>A los funcionarios israel\u00edes les preocupa que el tribunal pueda dictar \u00f3rdenes de detenci\u00f3n contra Netanyahu y otros altos cargos por presuntas violaciones del derecho internacional humanitario en Gaza, han informado medios de comunicaci\u00f3n israel\u00edes.<\/p>\n\n\n\n<p>Afirmaron que la CPI tambi\u00e9n est\u00e1 estudiando la posibilidad de dictar \u00f3rdenes de detenci\u00f3n contra dirigentes de Hamas.<\/p>\n\n\n\n<p>La CPI, que tiene su sede en La Haya, y Hamas, el grupo gobernante de Gaza, no respondieron inmediatamente a las solicitudes de comentarios.<\/p>\n\n\n\n<p>Israel no es miembro del tribunal y no reconoce su jurisdicci\u00f3n, pero los territorios palestinos fueron admitidos con el estatus de Estado miembro en 2015.<\/p>\n\n\n\n<p>En octubre, el fiscal jefe de la CPI, Karim Khan, dijo que el tribunal ten\u00eda jurisdicci\u00f3n sobre cualquier posible crimen de guerra cometido por combatientes de Hamas en Israel y por las fuerzas israel\u00edes en la Franja de Gaza.<\/p>\n\n\n\n<p>Khan ha afirmado que su equipo est\u00e1 investigando activamente cualquier crimen presuntamente cometido en Gaza y que quienes infrinjan la ley tendr\u00e1n que rendir cuentas.<\/p>\n","protected":false},"excerpt":{"rendered":"<p>Jerusal\u00e9n. Israel ha expresado su preocupaci\u00f3n ante la posibilidad de que la Corte Penal Internacional (CPI) est\u00e9 preparando \u00f3rdenes de detenci\u00f3n contra funcionarios del Gobierno por cargos relacionados con la conducci\u00f3n de su guerra contra Hamas. La CPI -que puede acusar a individuos de cr\u00edmenes de guerra, cr\u00edmenes contra la humanidad y genocidio- est\u00e1 investigando [&hellip;]<\/p>\n","protected":false},"author":1,"featured_media":10422,"comment_status":"open","ping_status":"open","sticky":false,"template":"","format":"standard","meta":{"content-type":"","footnotes":""},"categories":[7],"tags":[],"class_list":{"0":"post-10421","1":"post","2":"type-post","3":"status-publish","4":"format-standard","5":"has-post-thumbnail","7":"category-internacional"},"_links":{"self":[{"href":"https:\/\/www.regioncuatronoticias.com\/index.php\/wp-json\/wp\/v2\/posts\/10421","targetHints":{"allow":["GET"]}}],"collection":[{"href":"https:\/\/www.regioncuatronoticias.com\/index.php\/wp-json\/wp\/v2\/posts"}],"about":[{"href":"https:\/\/www.regioncuatronoticias.com\/index.php\/wp-json\/wp\/v2\/types\/post"}],"author":[{"embeddable":true,"href":"https:\/\/www.regioncuatronoticias.com\/index.php\/wp-json\/wp\/v2\/users\/1"}],"replies":[{"embeddable":true,"href":"https:\/\/www.regioncuatronoticias.com\/index.php\/wp-json\/wp\/v2\/comments?post=10421"}],"version-history":[{"count":1,"href":"https:\/\/www.regioncuatronoticias.com\/index.php\/wp-json\/wp\/v2\/posts\/10421\/revisions"}],"predecessor-version":[{"id":10423,"href":"https:\/\/www.regioncuatronoticias.com\/index.php\/wp-json\/wp\/v2\/posts\/10421\/revisions\/10423"}],"wp:featuredmedia":[{"embeddable":true,"href":"https:\/\/www.regioncuatronoticias.com\/index.php\/wp-json\/wp\/v2\/media\/10422"}],"wp:attachment":[{"href":"https:\/\/www.regioncuatronoticias.com\/index.php\/wp-json\/wp\/v2\/media?parent=10421"}],"wp:term":[{"taxonomy":"category","embeddable":true,"href":"https:\/\/www.regioncuatronoticias.com\/index.php\/wp-json\/wp\/v2\/categories?post=10421"},{"taxonomy":"post_tag","embeddable":true,"href":"https:\/\/www.regioncuatronoticias.com\/index.php\/wp-json\/wp\/v2\/tags?post=10421"}],"curies":[{"name":"wp","href":"https:\/\/api.w.org\/{rel}","templated":true}]}}