{"id":10417,"date":"2024-04-29T10:44:33","date_gmt":"2024-04-29T17:44:33","guid":{"rendered":"https:\/\/www.regioncuatronoticias.com\/?p=10417"},"modified":"2024-04-29T10:44:34","modified_gmt":"2024-04-29T17:44:34","slug":"alerta-en-ecuador-por-los-abusos-militares-en-seguridad","status":"publish","type":"post","link":"https:\/\/www.regioncuatronoticias.com\/index.php\/2024\/04\/29\/alerta-en-ecuador-por-los-abusos-militares-en-seguridad\/","title":{"rendered":"Alerta en Ecuador por los abusos militares en seguridad"},"content":{"rendered":"\n<p><em>Quito.<\/em>&nbsp;La violencia criminal y la creciente militarizaci\u00f3n de la seguridad ponen en alerta a organismos internacionales de defensa de los derechos humanos, ONG radicadas en Ecuador y a expertos en estos asuntos. De plano, los tratados militares con Estados Unidos y mayores recursos para las fuerzas armadas alertan incluso a los mandos castrenses, pues consideran que no pueden seguir haciendo el trabajo que corresponde a otras instituicones.<\/p>\n\n\n\n<p>El exceso del uso de la fuerza militar en el combate a los grupos criminales ha recibido cr\u00edticas, pues ya se registran cr\u00edmenes que no s\u00f3lo cometen los uniformados, sino tambi\u00e9n la poblaci\u00f3n civil, frente al clima de alerta y exacerbaci\u00f3n para eliminar a j\u00f3venes delincuentes, sospechosos o inocentes, sin distinci\u00f3n.<\/p>\n\n\n\n<p>Jonathan, de 17 a\u00f1os, falleci\u00f3 luego de ser linchado en la provincia del Carchi, fronteriza con Colombia, la tarde del pasado jueves. Lo acusaron de hurtar aguacates de una hacienda; por ello, los moradores del sector lo atraparon y le prendieron fuego. Otro joven, Carlos Javier Vega, de 19 a\u00f1os, fue acribillado por militares. Ocurri\u00f3 el 2 de febrero pasado, cuando con su primo Eduardo iban a vender un perro en el sur de la ciudad de Guayaquil. Al llegar, un operativo militar y policial los detuvo en una vivienda situada a unos metros del lugar, donde iban a entregar al animal.<\/p>\n\n\n\n<p><q>Me bajo del carro, saludo al militar y le digo que voy a unos 10 metros de donde est\u00e1bamos y me dice de forma grosera y prepotente que no pod\u00eda pasar, que me vaya, y me apunta. Entonces vuelvo y me subo al carro. A lo que doy retro (marcha atr\u00e1s) para irme, choco con un patrullero de la polic\u00eda. Intento avanzar, pero el carro no sal\u00eda. Intento m\u00e1s duro, me despego (de la patrulla) y vuelvo a mi posici\u00f3n inicial. El militar pasa a la parte de atr\u00e1s y escucho un disparo<\/q>, recuerda Eduardo. El tiro mat\u00f3 a su primo y el informe policial y un comunicado de los militares al siguiente d\u00eda, catalogaron a Carlos Javier y a Eduardo de&nbsp;<q>presuntos terroristas<\/q>&nbsp;a quienes detuvieron&nbsp;<q>por un intento de ataque a un ret\u00e9n militar<\/q>. Seg\u00fan ellos, los j\u00f3venes embistieron a los militares y chocaron la patrulla, por lo que&nbsp;<q>en respuesta a ese ataque se realizaron disparos para resguardar la seguridad del personal<\/q>.<\/p>\n\n\n\n<p>Estos dos hechos han sacudido las redes sociales, pero no los medios tradicionales de Ecuador. Para evitar un impacto en la consulta popular del d\u00eda 21, se evit\u00f3 la discusi\u00f3n de un tema que por parte de los familiares de Carlos Javier requer\u00eda denuncia en los grandes canales de televisi\u00f3n y en los peri\u00f3dicos.<\/p>\n\n\n\n<p>Claro, la parte m\u00e1s promovida por el gobierno de Daniel Noboa y sus aliados, en los medios y en los gremios empresariales, fue la relativa a la seguridad. En todas esas preguntas gan\u00f3 el&nbsp;<em>S\u00ed<\/em>&nbsp;y con ello, el r\u00e9gimen ecuatoriano adquiere m\u00e1s herramientas legales para que los militares act\u00faen en el combate contra las bandas criminales, adem\u00e1s de que ahora se permite la extradici\u00f3n de ciudadanos nacionales desde cualquier pa\u00eds del mundo.<\/p>\n\n\n\n<p>El ex candidato presidencial y experto en seguridad, Jan Topic, declar\u00f3 a&nbsp;<em>La Jornada&nbsp;<\/em>que esos casos de exceso deben estudiarse como un fen\u00f3meno, pero reconoci\u00f3 tambi\u00e9n que los militares no est\u00e1n preparados para estas acciones.&nbsp;<q>Su experiencia es otra y de ah\u00ed que puedan incluso excederse<\/q>. Reconoce que en la lucha contra las bandas criminales los militares podr\u00edan&nbsp;<q>fatigarse<\/q>, pues no es su din\u00e1mica la misma que la polic\u00eda.<\/p>\n\n\n\n<p>De hecho, el comandante general del ej\u00e9rcito, Fernando Adatty, coment\u00f3 a un portal digital que desde hace muchos a\u00f1os&nbsp;<q>a las fuerzas armadas les toca tapar los huecos que otros dejan<\/q>. Y subraya:&nbsp;<q>estamos haciendo las tareas de otras instituciones<\/q>. Se refiere a la polic\u00eda, la fiscal\u00eda, la unidad de lucha contra el lavado de activos, entre otras. Todas ellas, desde los gobiernos de Len\u00edn Moreno y Guillermo Lasso, perdieron fuerza institucional, recursos y hasta fueron objeto de uso y abuso pol\u00edtico.<\/p>\n\n\n\n<p>El docente de la Universidad Central y coordinador del Programa de Investigaci\u00f3n sobre Orden, Conflicto y Violencia, Luis C\u00f3rdova, advirti\u00f3 que, a trav\u00e9s de una de las preguntas de la consulta popular en materia de seguridad, se abre la posibilidad de legalizar el mercado negro de armas en Ecuador. Explic\u00f3 que este tema es peligroso porque ya no se podr\u00e1 distinguir si los futuros homicidas son polic\u00edas o delincuentes comunes, porque las armas pueden ser las mismas.<\/p>\n\n\n\n<p><q>Adem\u00e1s, se desvanece la importancia que ten\u00eda la lucha contra el mercado negro de armas en el pa\u00eds<\/q>, puntualiz\u00f3. Y advierte de otro riesgo: existe evidencia respecto a grupos armados por empresarios vinculados a los agronegocios y financiados por comunidades para resistir a la miner\u00eda.&nbsp;<q>Entonces abrimos las puertas a un escenario en el cual el paramilitarismo podr\u00eda convertirse en un nuevo desaf\u00edo de la violencia letal en Ecuador<\/q>, asever\u00f3.<\/p>\n\n\n\n<p>El general Adatty enfatiz\u00f3:&nbsp;<q>las fuerzas armadas no pueden estar en todo. Hay cosas que tenemos que hacer por la emergencia y lo estamos haciendo, pero hay organismos, otros ministerios, que tienen que cumplir sus funciones con eficiencia<\/q>. Incluso, hay riesgos que ya se han destacado por expertos en seguridad y que Adatty alerta.<\/p>\n\n\n\n<p>\u201cEs un proceso de aprendizaje, hay que tomar medidas para que no infiltren a esta instituci\u00f3n, que no corrompan a sus miembros. Si un militar de inteligencia es reclutado para dar informaci\u00f3n, eso puede costarle la vida a una patrulla. No podemos tomarnos esto a la ligera\u2026 Las normas de ingreso a la instituci\u00f3n deben ser m\u00e1s duras. Ahora se detect\u00f3, estamos colaborando en todo, nos interesa ubicar a los malos elementos. Y hay que tomar las lecciones necesarias\u201d.<\/p>\n","protected":false},"excerpt":{"rendered":"<p>Quito.&nbsp;La violencia criminal y la creciente militarizaci\u00f3n de la seguridad ponen en alerta a organismos internacionales de defensa de los derechos humanos, ONG radicadas en Ecuador y a expertos en estos asuntos. De plano, los tratados militares con Estados Unidos y mayores recursos para las fuerzas armadas alertan incluso a los mandos castrenses, pues consideran [&hellip;]<\/p>\n","protected":false},"author":1,"featured_media":10419,"comment_status":"open","ping_status":"open","sticky":false,"template":"","format":"standard","meta":{"content-type":"","footnotes":""},"categories":[7],"tags":[],"class_list":{"0":"post-10417","1":"post","2":"type-post","3":"status-publish","4":"format-standard","5":"has-post-thumbnail","7":"category-internacional"},"_links":{"self":[{"href":"https:\/\/www.regioncuatronoticias.com\/index.php\/wp-json\/wp\/v2\/posts\/10417","targetHints":{"allow":["GET"]}}],"collection":[{"href":"https:\/\/www.regioncuatronoticias.com\/index.php\/wp-json\/wp\/v2\/posts"}],"about":[{"href":"https:\/\/www.regioncuatronoticias.com\/index.php\/wp-json\/wp\/v2\/types\/post"}],"author":[{"embeddable":true,"href":"https:\/\/www.regioncuatronoticias.com\/index.php\/wp-json\/wp\/v2\/users\/1"}],"replies":[{"embeddable":true,"href":"https:\/\/www.regioncuatronoticias.com\/index.php\/wp-json\/wp\/v2\/comments?post=10417"}],"version-history":[{"count":1,"href":"https:\/\/www.regioncuatronoticias.com\/index.php\/wp-json\/wp\/v2\/posts\/10417\/revisions"}],"predecessor-version":[{"id":10420,"href":"https:\/\/www.regioncuatronoticias.com\/index.php\/wp-json\/wp\/v2\/posts\/10417\/revisions\/10420"}],"wp:featuredmedia":[{"embeddable":true,"href":"https:\/\/www.regioncuatronoticias.com\/index.php\/wp-json\/wp\/v2\/media\/10419"}],"wp:attachment":[{"href":"https:\/\/www.regioncuatronoticias.com\/index.php\/wp-json\/wp\/v2\/media?parent=10417"}],"wp:term":[{"taxonomy":"category","embeddable":true,"href":"https:\/\/www.regioncuatronoticias.com\/index.php\/wp-json\/wp\/v2\/categories?post=10417"},{"taxonomy":"post_tag","embeddable":true,"href":"https:\/\/www.regioncuatronoticias.com\/index.php\/wp-json\/wp\/v2\/tags?post=10417"}],"curies":[{"name":"wp","href":"https:\/\/api.w.org\/{rel}","templated":true}]}}