{"id":10381,"date":"2024-04-28T23:36:05","date_gmt":"2024-04-29T06:36:05","guid":{"rendered":"https:\/\/www.regioncuatronoticias.com\/?p=10381"},"modified":"2024-04-28T23:36:06","modified_gmt":"2024-04-29T06:36:06","slug":"seria-preocupacion-en-palacio-nacional","status":"publish","type":"post","link":"https:\/\/www.regioncuatronoticias.com\/index.php\/2024\/04\/28\/seria-preocupacion-en-palacio-nacional\/","title":{"rendered":"Seria preocupaci\u00f3n en palacio nacional"},"content":{"rendered":"\n<p><strong>Columna De Primera Mano<\/strong><\/p>\n\n\n\n<p><strong>Francisco Javier Ruiz Quirr\u00edn<\/strong><\/p>\n\n\n\n<p><strong>Seria preocupaci\u00f3n en palacio nacional<\/strong><\/p>\n\n\n\n<p><strong>Lunes 29 de abril de 2024<\/strong><\/p>\n\n\n\n<p><strong>PARTIENDO<\/strong> de la probabilidad de una derrota de MORENA en la ciudad de M\u00e9xico y en Veracruz con su \u201cquemad\u00edsima\u201d candidata a la gubernatura, la zacatecana Roc\u00edo Nahle, los dolores de cabeza han aumentado en el presidente de la rep\u00fablica y en equipo m\u00e1s cercano, porque se est\u00e1 hablando de descalabros en dos de las tres entidades con m\u00e1s electores en el pa\u00eds.<\/p>\n\n\n\n<p>No s\u00f3lo eso. Habr\u00e1 competencia en Morelos, el PAN conservar\u00e1 Yucat\u00e1n y la competencia est\u00e1 cerrada en Jalisco y, de manera particular, en la pelea por la presidencia municipal de Monterrey.<\/p>\n\n\n\n<p>M\u00e1s centros de poblaci\u00f3n con enormes aglomeraciones de votantes.<\/p>\n\n\n\n<p>Las cosas no paran ah\u00ed. A 33 d\u00edas de la elecci\u00f3n, X\u00f3chitl G\u00e1lvez podr\u00eda avanzar m\u00e1s y Claudia Sheinbaum sufrir\u00e1 un retroceso. Todo muy lento, pero esa tendencia existe.<\/p>\n\n\n\n<p>Por eso palacio nacional est\u00e1 preocupado. S\u00ed, tienen a su favor 23 gubernaturas, todo el dinero del mundo, 20 millones de pobres por movilizar, pero tambi\u00e9n est\u00e1n convencidos de que si sale a votar cuando menos el 60 por ciento del total del padr\u00f3n electoral la lucha por la presidencia de la rep\u00fablica se cerrar\u00e1 de manera impresionante.<\/p>\n\n\n\n<p>Por lo pronto, el debate de anoche entre las candidatas y el candidato presidencial, dif\u00edcilmente har\u00e1 cambiar las preferencias ya definidas.<\/p>\n\n\n\n<p>El mayor problema para L\u00f3pez Obrador, do\u00f1a Claudia y MORENA es la tendencia en contra, la que \u2013repetimos- avanza lentamente, pero se mueve y la gran definici\u00f3n estar\u00e1 el d\u00eda 2 de junio.<\/p>\n\n\n\n<p><strong>EN SONORA,<\/strong> todo indica que las cosas se complicar\u00e1n para la dividida f\u00f3rmula de MORENA y el Partido del Trabajo en b\u00fasqueda del Senado, al empezar a manejarse que Manlio Fabio Beltrones y Lilly T\u00e9llez, candidatos de la coalici\u00f3n \u201cFuerza y Coraz\u00f3n por M\u00e9xico\u201d a lo mismo, est\u00e1n empezando a encabezar las preferencias\u2026 La diferencia es reducida, pero ya se registra esa tendencia y hay una percepci\u00f3n generalizada de que el tambi\u00e9n exgobernador de Sonora est\u00e1 desarrollando una campa\u00f1a tan intensa, como no se hab\u00eda efectuado antes y su presencia en redes sociales es tan constante, que hasta abruma\u2026 Aparte, el haber instruido para lanzar ataques contra Beltrones y, entre otros, haber utilizado a unas \u201ccanicas tan cascadas\u201d como Manuel Espino y Javier Corral, lo \u00fanico que ha tra\u00eddo como consecuencia es abonarle al priista\u2026 En lo personal hasta ha pasado por mi mente la duda de si le est\u00e1n ayudando a la f\u00f3rmula opositora desde la misma \u201ccuatrot\u00e9\u201d\u2026 Pero en fin\u2026 No podemos ser tan fantasiosos, \u00bfverdad?<\/p>\n\n\n\n<p><strong>EL PARQUE <\/strong>\u201cMadero\u201d se ha convertido en uno de los grandes atractivos de la ciudad capital del Estado\u2026 Remodelado, con nuevas instalaciones, una fuente con vida, agua fresca, bancas, mesas, asaderos\u2026 Un sitio ideal para convivir en familia\u2026 Ayer domingo m\u00e1s de cuatro nos quedamos muy sorprendidos al observar la presencia de cientos de personas, adultos, j\u00f3venes, ni\u00f1os, mascotas, en un lugar de diversi\u00f3n y esparcimiento, la verdad, digno de Hermosillo\u2026 Enhorabuena pues por ello y el reconocimiento a esta administraci\u00f3n municipal que, impulsada por To\u00f1o Astiazar\u00e1n, hizo posible hacer realidad este compromiso.<\/p>\n\n\n\n<p><strong>LA COMPA\u00d1ERA <\/strong>reportera Sol\u00e1ngel Ochoa inform\u00f3 ayer al mediod\u00eda que se hab\u00eda enterado de la detenci\u00f3n de Francisco \u201cPaco\u201d Bueno, expanista y ahora \u201cpromorenista\u201d, a consecuencia de denuncias en su contra por abuso sexual e incuso por violaci\u00f3n\u2026 No es la primera vez que Bueno est\u00e1 envuelto en l\u00edos\u2026 Toc\u00f3 laborar en Durango determinado tiempo y dej\u00f3 a su paso el registro de denuncias en su contra\u2026 Por lo mismo.<\/p>\n\n\n\n<p><strong>HOY LUNES<\/strong> a las 10:30 horas ofrecer\u00e1n conferencia de prensa los dirigentes estatales del PAN, PRI y PRD\u2026 La cita es el Hotel G\u00e1ndara\u2026 Y es que X\u00f3chitl G\u00e1lvez, la candidata presidencial de \u201cFuerza y Coraz\u00f3n por M\u00e9xico\u201d, visitar\u00e1 una vez m\u00e1s el Estado en el arranque del \u00faltimo mes de campa\u00f1a, mayo.<\/p>\n","protected":false},"excerpt":{"rendered":"<p>Columna De Primera Mano Francisco Javier Ruiz Quirr\u00edn Seria preocupaci\u00f3n en palacio nacional Lunes 29 de abril de 2024 PARTIENDO de la probabilidad de una derrota de MORENA en la ciudad de M\u00e9xico y en Veracruz con su \u201cquemad\u00edsima\u201d candidata a la gubernatura, la zacatecana Roc\u00edo Nahle, los dolores de cabeza han aumentado en el [&hellip;]<\/p>\n","protected":false},"author":1,"featured_media":10382,"comment_status":"open","ping_status":"open","sticky":false,"template":"","format":"standard","meta":{"content-type":"","footnotes":""},"categories":[124],"tags":[],"class_list":{"0":"post-10381","1":"post","2":"type-post","3":"status-publish","4":"format-standard","5":"has-post-thumbnail","7":"category-francisco-javier-ruiz-quirrin"},"_links":{"self":[{"href":"https:\/\/www.regioncuatronoticias.com\/index.php\/wp-json\/wp\/v2\/posts\/10381","targetHints":{"allow":["GET"]}}],"collection":[{"href":"https:\/\/www.regioncuatronoticias.com\/index.php\/wp-json\/wp\/v2\/posts"}],"about":[{"href":"https:\/\/www.regioncuatronoticias.com\/index.php\/wp-json\/wp\/v2\/types\/post"}],"author":[{"embeddable":true,"href":"https:\/\/www.regioncuatronoticias.com\/index.php\/wp-json\/wp\/v2\/users\/1"}],"replies":[{"embeddable":true,"href":"https:\/\/www.regioncuatronoticias.com\/index.php\/wp-json\/wp\/v2\/comments?post=10381"}],"version-history":[{"count":1,"href":"https:\/\/www.regioncuatronoticias.com\/index.php\/wp-json\/wp\/v2\/posts\/10381\/revisions"}],"predecessor-version":[{"id":10383,"href":"https:\/\/www.regioncuatronoticias.com\/index.php\/wp-json\/wp\/v2\/posts\/10381\/revisions\/10383"}],"wp:featuredmedia":[{"embeddable":true,"href":"https:\/\/www.regioncuatronoticias.com\/index.php\/wp-json\/wp\/v2\/media\/10382"}],"wp:attachment":[{"href":"https:\/\/www.regioncuatronoticias.com\/index.php\/wp-json\/wp\/v2\/media?parent=10381"}],"wp:term":[{"taxonomy":"category","embeddable":true,"href":"https:\/\/www.regioncuatronoticias.com\/index.php\/wp-json\/wp\/v2\/categories?post=10381"},{"taxonomy":"post_tag","embeddable":true,"href":"https:\/\/www.regioncuatronoticias.com\/index.php\/wp-json\/wp\/v2\/tags?post=10381"}],"curies":[{"name":"wp","href":"https:\/\/api.w.org\/{rel}","templated":true}]}}