{"id":10377,"date":"2024-04-29T17:08:01","date_gmt":"2024-04-30T00:08:01","guid":{"rendered":"https:\/\/www.regioncuatronoticias.com\/?p=10377"},"modified":"2024-04-29T22:58:56","modified_gmt":"2024-04-30T05:58:56","slug":"legislare-con-identidad-y-arraigo-a-mi-distrito-06-hermosillo-dfo","status":"publish","type":"post","link":"https:\/\/www.regioncuatronoticias.com\/index.php\/2024\/04\/29\/legislare-con-identidad-y-arraigo-a-mi-distrito-06-hermosillo-dfo\/","title":{"rendered":"&#8220;Legislar\u00e9 con identidad y arraigo a mi Distrito 06 Hermosillo&#8221;: David Figueroa Ortega"},"content":{"rendered":"\n<p>David Figueroa afirm\u00f3 que &#8220;conozco, padezco y s\u00e9 c\u00f3mo resolver los grandes problemas de mi distrito; la gente me conoce, me identifica, sabe qui\u00e9n soy y d\u00f3nde vivo, conf\u00eda que cuando sea diputado tocar\u00e1n la puerta de mi casa para legislar juntos y transformar Hermosillo y a Sonora&#8221;\u2026<\/p>\n\n\n\n<p>Hermosillo, Sonora a 29 de abril del 2024.- &#8220;Porque vivo en la colonia Olivares, legislar\u00e9 con la verdad, honestidad, justicia social, con identidad y arraigo a mi Distrito 06 Hermosillo&#8221;, destac\u00f3 David Figueroa Ortega.<\/p>\n\n\n\n<p>El candidato a Diputado Local por la coalici\u00f3n Morena-Verde-PT-PES-NA apunt\u00f3 que &#8220;el sentido de pertenencia da identidad y evita el abandono de nuestra tierra y nuestra gente; abandono como lo hacen quienes no conocen ni pueden resolver los grandes problemas sociales, de infraestructura y de falta de servicios, simplemente porque no viven en el distrito que pretenden representar&#8221;.<\/p>\n\n\n\n<p>Afirm\u00f3 que &#8220;conozco, padezco y s\u00e9 c\u00f3mo resolver los grandes problemas de mi distrito; la gente me conoce, me identifica, sabe qui\u00e9n soy y d\u00f3nde vivo, conf\u00eda que cuando sea diputado tocar\u00e1n la puerta de mi casa para legislar juntos y transformar Hermosillo y a Sonora&#8221;.<\/p>\n\n\n\n<p>David Figueroa agreg\u00f3 que &#8220;con la experiencia de m\u00e1s de 20 a\u00f1os en el Servicio P\u00fablico y casi 30 a\u00f1os en la Iniciativa Privada, busco servir desde el Congreso de Sonora; como ciudadano, vecino, padre de familia y abuelo, &#8220;conozco y padezco los grandes problemas sociales que nos aquejan hoy en d\u00eda y de manera particular, a mi Distrito 06 Hermosillo&#8221;.<\/p>\n\n\n\n<p>Por ello, &#8220;pongo en manos de las y los ciudadanos mi experiencia en el Servicio P\u00fablico Municipal, Estatal, Federal e Internacional, as\u00ed como en la Iniciativa Privada para resolver la problem\u00e1tica que hoy afectan e impiden el crecimiento integral de Hermosillo y Sonora&#8221;.<\/p>\n\n\n\n<p>De la misma forma, &#8220;cuento con la capacidad y con los valores de la honestidad, integridad, verdad, tenacidad, endereza y esfuerzo para crear y proponer iniciativas de ley para integrar Pol\u00edticas P\u00fablicas que generen paz social, orden, bienestar, desarrollo y el bien com\u00fan&#8221;.<\/p>\n\n\n\n<p>Figueroa Ortega ofreci\u00f3 que &#8220;como candidato visitar\u00e9 y regresar\u00e9 como diputado local a las 124 colonias del Distrito 06 Hermosillo; con honestidad, capacidad y compromiso, desde el primer minuto iniciar\u00e9 un nuevo modo de legislar por medio de la participaci\u00f3n ciudadana para que unidos logremos la transformaci\u00f3n legislativa que Sonora merece y exige&#8221;.<\/p>\n\n\n\n<p>A 10 d\u00edas de iniciar sus pasos al Congreso, David Figueroa activ\u00f3 recorridos y volanteos en las colonias San Benito, Pimentel, El Choyal y Quinta Emilia, donde con atenci\u00f3n y sensibilidad, escuch\u00f3 las demandas sociales de los vecinos y plante\u00f3 sus principales propuestas, \u201ccon la confianza ciudadana este 2 de junio, junto a ustedes, quiero ser la voz del Pueblo en el Congreso del Estado de Sonora&#8221;.<\/p>\n","protected":false},"excerpt":{"rendered":"<p>David Figueroa afirm\u00f3 que &#8220;conozco, padezco y s\u00e9 c\u00f3mo resolver los grandes problemas de mi distrito; la gente me conoce, me identifica, sabe qui\u00e9n soy y d\u00f3nde vivo, conf\u00eda que cuando sea diputado tocar\u00e1n la puerta de mi casa para legislar juntos y transformar Hermosillo y a Sonora&#8221;\u2026 Hermosillo, Sonora a 29 de abril del [&hellip;]<\/p>\n","protected":false},"author":1,"featured_media":10466,"comment_status":"open","ping_status":"open","sticky":false,"template":"","format":"standard","meta":{"content-type":"","footnotes":""},"categories":[123],"tags":[],"class_list":{"0":"post-10377","1":"post","2":"type-post","3":"status-publish","4":"format-standard","5":"has-post-thumbnail","7":"category-elecciones2024"},"_links":{"self":[{"href":"https:\/\/www.regioncuatronoticias.com\/index.php\/wp-json\/wp\/v2\/posts\/10377","targetHints":{"allow":["GET"]}}],"collection":[{"href":"https:\/\/www.regioncuatronoticias.com\/index.php\/wp-json\/wp\/v2\/posts"}],"about":[{"href":"https:\/\/www.regioncuatronoticias.com\/index.php\/wp-json\/wp\/v2\/types\/post"}],"author":[{"embeddable":true,"href":"https:\/\/www.regioncuatronoticias.com\/index.php\/wp-json\/wp\/v2\/users\/1"}],"replies":[{"embeddable":true,"href":"https:\/\/www.regioncuatronoticias.com\/index.php\/wp-json\/wp\/v2\/comments?post=10377"}],"version-history":[{"count":2,"href":"https:\/\/www.regioncuatronoticias.com\/index.php\/wp-json\/wp\/v2\/posts\/10377\/revisions"}],"predecessor-version":[{"id":10477,"href":"https:\/\/www.regioncuatronoticias.com\/index.php\/wp-json\/wp\/v2\/posts\/10377\/revisions\/10477"}],"wp:featuredmedia":[{"embeddable":true,"href":"https:\/\/www.regioncuatronoticias.com\/index.php\/wp-json\/wp\/v2\/media\/10466"}],"wp:attachment":[{"href":"https:\/\/www.regioncuatronoticias.com\/index.php\/wp-json\/wp\/v2\/media?parent=10377"}],"wp:term":[{"taxonomy":"category","embeddable":true,"href":"https:\/\/www.regioncuatronoticias.com\/index.php\/wp-json\/wp\/v2\/categories?post=10377"},{"taxonomy":"post_tag","embeddable":true,"href":"https:\/\/www.regioncuatronoticias.com\/index.php\/wp-json\/wp\/v2\/tags?post=10377"}],"curies":[{"name":"wp","href":"https:\/\/api.w.org\/{rel}","templated":true}]}}