{"id":10343,"date":"2024-04-28T02:04:10","date_gmt":"2024-04-28T09:04:10","guid":{"rendered":"https:\/\/www.regioncuatronoticias.com\/?p=10343"},"modified":"2024-04-28T02:04:13","modified_gmt":"2024-04-28T09:04:13","slug":"marchan-hijos-de-desaparecidos-en-hermosillo-para-pedir-el-regreso-de-sus-padres","status":"publish","type":"post","link":"https:\/\/www.regioncuatronoticias.com\/index.php\/2024\/04\/28\/marchan-hijos-de-desaparecidos-en-hermosillo-para-pedir-el-regreso-de-sus-padres\/","title":{"rendered":"Marchan hijos de desaparecidos en Hermosillo para pedir el regreso de sus padres"},"content":{"rendered":"\n<p>&#8220;Quiero a mi pap\u00e1 de vuelta&#8221;, &#8220;Mami, Papi dice que saque tu sonrisa, pero contigo se la llevaron&#8221;, fueron unas de las tantas frases que expresaron mediante pancartas decenas de menores, hijos de desaparecidos, que participaron en la Marcha por la Paz, con la intenci\u00f3n de concientizar a quienes se llevaron a sus seres queridos para que les den indicios de su ubicaci\u00f3n.<\/p>\n\n\n\n<p>Cobijados por los rayos del Sol, que m\u00e1s que incomodarlos les dan ese calor que les ha faltado desde hace meses o a\u00f1os por la ausencia de su padre o madre, el grupo de ni\u00f1os y ni\u00f1as arranc\u00f3 con el recorrido junto a adultos desde la plaza Emiliana de Zubeld\u00eda con destino hacia la Plaza Zaragoza, la mayor\u00eda vestidos de blanco y con la fotograf\u00eda de los desaparecidos.<\/p>\n\n\n\n<p>Acompa\u00f1ados por familiares o personas que se dieron cita de forma solidaria con el movimiento, avanzaron tomados de la mano por el bulevar Rosales hasta llegar al Hidalgo, donde en todo momento mostraron tristeza por no saber qu\u00e9 ha sido de quienes los trajeron a este mundo.<\/p>\n\n\n\n<p>A\u00fan preservan esperanza en sus corazones, por ello es que se hace visible su lucha, ya que no permitir\u00e1n que queden en el olvido cada uno de los casos.<\/p>\n\n\n\n<p>As\u00ed como ellos, hay cientos de infantes que han perdido a sus padres en los \u00faltimos a\u00f1os en la entidad, por ello la l\u00edder del colectivo Madres Buscadoras de Sonora, Ceci Patricia Flores asegur\u00f3 que no desistir\u00e1n en la lucha hasta encontrar a cada uno de los que desaparecieron.<\/p>\n\n\n\n<p>&#8220;Los ni\u00f1os nos han visto luchar por a\u00f1os, han visto a sus madres llegar tarde a sus casas y solas, nos han visto llorar y rogar para que nos den pistas, han sollozado en silencio sintiendo esa ausencia, la de sus padres, sus hermanos, y as\u00ed pasan los a\u00f1os&#8221;, extern\u00f3.<\/p>\n\n\n\n<p>Sostuvo que escuchar a cada ni\u00f1o o ni\u00f1a querer alzar la voz es una dosis de valent\u00eda para seguir firmes en su objetivo, el localizar a todas las personas que hacen falta en las familias sonorenses.<\/p>\n\n\n\n<p>&#8220;Quisi\u00e9ramos que solo tuvieran que buscar sus juguetes, sus cuadernos, ese dulce escondido, pero hoy marchan porque quieren buscar a sus padres&#8221;, pronunci\u00f3 la activista.<\/p>\n\n\n\n<p>Convoc\u00f3 a la sociedad en general a ser emp\u00e1ticos, a respetar las expresiones y principalmente a ser solidarios con tantos menores que pagan el alto precio de la soledad por la falta de algunos de sus padres, por ello es necesario no dejarlos solos, mucho menos permitir que caminen por la vida sin una mano que los gu\u00ede por el buen camino.<\/p>\n\n\n\n<p>Actualmente en Sonora se estiman que hay alrededor de 800 personas desaparecidas desde hace varios a\u00f1os, por lo que tanto este como otros colectivos se dan a la tarea de hacer rastreos para encontrar a los &#8220;tesoros&#8221;, ya sea vivos en el mejor de los casos o al menos sus restos y con ello obtener cierta paz en sus corazones.<\/p>\n","protected":false},"excerpt":{"rendered":"<p>&#8220;Quiero a mi pap\u00e1 de vuelta&#8221;, &#8220;Mami, Papi dice que saque tu sonrisa, pero contigo se la llevaron&#8221;, fueron unas de las tantas frases que expresaron mediante pancartas decenas de menores, hijos de desaparecidos, que participaron en la Marcha por la Paz, con la intenci\u00f3n de concientizar a quienes se llevaron a sus seres queridos [&hellip;]<\/p>\n","protected":false},"author":1,"featured_media":10344,"comment_status":"open","ping_status":"open","sticky":false,"template":"","format":"standard","meta":{"content-type":"","footnotes":""},"categories":[8],"tags":[],"class_list":{"0":"post-10343","1":"post","2":"type-post","3":"status-publish","4":"format-standard","5":"has-post-thumbnail","7":"category-hermosillo"},"_links":{"self":[{"href":"https:\/\/www.regioncuatronoticias.com\/index.php\/wp-json\/wp\/v2\/posts\/10343","targetHints":{"allow":["GET"]}}],"collection":[{"href":"https:\/\/www.regioncuatronoticias.com\/index.php\/wp-json\/wp\/v2\/posts"}],"about":[{"href":"https:\/\/www.regioncuatronoticias.com\/index.php\/wp-json\/wp\/v2\/types\/post"}],"author":[{"embeddable":true,"href":"https:\/\/www.regioncuatronoticias.com\/index.php\/wp-json\/wp\/v2\/users\/1"}],"replies":[{"embeddable":true,"href":"https:\/\/www.regioncuatronoticias.com\/index.php\/wp-json\/wp\/v2\/comments?post=10343"}],"version-history":[{"count":1,"href":"https:\/\/www.regioncuatronoticias.com\/index.php\/wp-json\/wp\/v2\/posts\/10343\/revisions"}],"predecessor-version":[{"id":10345,"href":"https:\/\/www.regioncuatronoticias.com\/index.php\/wp-json\/wp\/v2\/posts\/10343\/revisions\/10345"}],"wp:featuredmedia":[{"embeddable":true,"href":"https:\/\/www.regioncuatronoticias.com\/index.php\/wp-json\/wp\/v2\/media\/10344"}],"wp:attachment":[{"href":"https:\/\/www.regioncuatronoticias.com\/index.php\/wp-json\/wp\/v2\/media?parent=10343"}],"wp:term":[{"taxonomy":"category","embeddable":true,"href":"https:\/\/www.regioncuatronoticias.com\/index.php\/wp-json\/wp\/v2\/categories?post=10343"},{"taxonomy":"post_tag","embeddable":true,"href":"https:\/\/www.regioncuatronoticias.com\/index.php\/wp-json\/wp\/v2\/tags?post=10343"}],"curies":[{"name":"wp","href":"https:\/\/api.w.org\/{rel}","templated":true}]}}