{"id":10334,"date":"2024-04-28T01:57:25","date_gmt":"2024-04-28T08:57:25","guid":{"rendered":"https:\/\/www.regioncuatronoticias.com\/?p=10334"},"modified":"2024-04-28T01:57:27","modified_gmt":"2024-04-28T08:57:27","slug":"ataque-armado-deja-un-menor-herido-en-empalme-sonora","status":"publish","type":"post","link":"https:\/\/www.regioncuatronoticias.com\/index.php\/2024\/04\/28\/ataque-armado-deja-un-menor-herido-en-empalme-sonora\/","title":{"rendered":"Ataque armado deja un menor herido en Empalme, Sonora"},"content":{"rendered":"\n<p><em>Empalme, Son<\/em>. Un ni\u00f1o de siete a\u00f1os result\u00f3 gravemente herido por arma de fuego junto con su padre y un t\u00edo, en un ataque armado ocurrido en la colonia Moderna de Empalme, al sur de Sonora. Seg\u00fan las autoridades, el m\u00f3vil del ataque est\u00e1 relacionado a la venta de narc\u00f3ticos al menudeo en la zona.<\/p>\n\n\n\n<p>La agresi\u00f3n se perpetr\u00f3 cerca de las 18:00 horas en las calles Libertad y H\u00e9roe de Nacozari, donde individuos a bordo de una motocicleta abrieron fuego contra el veh\u00edculo en el que viajaban dos adultos junto a un menor de edad, que seg\u00fan el reporte m\u00e9dico, el ni\u00f1o se encuentra en estado cr\u00edtico y podr\u00eda ser trasladado a un hospital especializado en Hermosillo.<\/p>\n\n\n\n<p>En un comunicado, autoridades de la Mesa Estatal de Seguridad dijeron que atienden las investigaciones del ataque directo contra quien fue identificado como Jonathan N, presuntamente vinculado a actividades il\u00edcitas en Empalme.<\/p>\n\n\n\n<p>Personal de la Fiscal\u00eda General de Justicia del Estado se hizo cargo del procesamiento de la escena, en busca de evidencias que pudieran ser \u00fatiles en la integraci\u00f3n de la correspondiente carpeta de investigaci\u00f3n.<\/p>\n\n\n\n<p>Refiri\u00f3 que seg\u00fan las primeras investigaciones apuntan a qu\u00e9 Jonathan N era el blanco del atentado, pues se le vincula por testimonios recabados con la venta de narc\u00f3ticos. La fiscal\u00eda aclar\u00f3 que es falso que el padre del menor pertenezca o perteneciera a una instituci\u00f3n de seguridad como transcendi\u00f3 en redes sociales.<\/p>\n","protected":false},"excerpt":{"rendered":"<p>Empalme, Son. Un ni\u00f1o de siete a\u00f1os result\u00f3 gravemente herido por arma de fuego junto con su padre y un t\u00edo, en un ataque armado ocurrido en la colonia Moderna de Empalme, al sur de Sonora. Seg\u00fan las autoridades, el m\u00f3vil del ataque est\u00e1 relacionado a la venta de narc\u00f3ticos al menudeo en la zona. [&hellip;]<\/p>\n","protected":false},"author":1,"featured_media":10335,"comment_status":"open","ping_status":"open","sticky":false,"template":"","format":"standard","meta":{"content-type":"","footnotes":""},"categories":[113],"tags":[],"class_list":{"0":"post-10334","1":"post","2":"type-post","3":"status-publish","4":"format-standard","5":"has-post-thumbnail","7":"category-seguridad"},"_links":{"self":[{"href":"https:\/\/www.regioncuatronoticias.com\/index.php\/wp-json\/wp\/v2\/posts\/10334","targetHints":{"allow":["GET"]}}],"collection":[{"href":"https:\/\/www.regioncuatronoticias.com\/index.php\/wp-json\/wp\/v2\/posts"}],"about":[{"href":"https:\/\/www.regioncuatronoticias.com\/index.php\/wp-json\/wp\/v2\/types\/post"}],"author":[{"embeddable":true,"href":"https:\/\/www.regioncuatronoticias.com\/index.php\/wp-json\/wp\/v2\/users\/1"}],"replies":[{"embeddable":true,"href":"https:\/\/www.regioncuatronoticias.com\/index.php\/wp-json\/wp\/v2\/comments?post=10334"}],"version-history":[{"count":1,"href":"https:\/\/www.regioncuatronoticias.com\/index.php\/wp-json\/wp\/v2\/posts\/10334\/revisions"}],"predecessor-version":[{"id":10336,"href":"https:\/\/www.regioncuatronoticias.com\/index.php\/wp-json\/wp\/v2\/posts\/10334\/revisions\/10336"}],"wp:featuredmedia":[{"embeddable":true,"href":"https:\/\/www.regioncuatronoticias.com\/index.php\/wp-json\/wp\/v2\/media\/10335"}],"wp:attachment":[{"href":"https:\/\/www.regioncuatronoticias.com\/index.php\/wp-json\/wp\/v2\/media?parent=10334"}],"wp:term":[{"taxonomy":"category","embeddable":true,"href":"https:\/\/www.regioncuatronoticias.com\/index.php\/wp-json\/wp\/v2\/categories?post=10334"},{"taxonomy":"post_tag","embeddable":true,"href":"https:\/\/www.regioncuatronoticias.com\/index.php\/wp-json\/wp\/v2\/tags?post=10334"}],"curies":[{"name":"wp","href":"https:\/\/api.w.org\/{rel}","templated":true}]}}