{"id":10310,"date":"2024-04-28T01:47:49","date_gmt":"2024-04-28T08:47:49","guid":{"rendered":"https:\/\/www.regioncuatronoticias.com\/?p=10310"},"modified":"2024-04-28T01:47:50","modified_gmt":"2024-04-28T08:47:50","slug":"finaliza-eu-investigacion-sobre-emisiones-diesel-de-mercedes-benz","status":"publish","type":"post","link":"https:\/\/www.regioncuatronoticias.com\/index.php\/2024\/04\/28\/finaliza-eu-investigacion-sobre-emisiones-diesel-de-mercedes-benz\/","title":{"rendered":"Finaliza EU investigaci\u00f3n sobre emisiones di\u00e9sel de Mercedes-Benz"},"content":{"rendered":"\n<p><em>Berl\u00edn.<\/em>&nbsp;El Departamento de Justicia de Estados Unidos (DoJ) cerr\u00f3 su investigaci\u00f3n sobre el esc\u00e1ndalo de las emisiones di\u00e9sel de Mercedes-Benz, dijo el s\u00e1bado el fabricante alem\u00e1n de autom\u00f3viles, por lo que ya no afronta cargos al respecto.<\/p>\n\n\n\n<p>Mercedes-Benz ha cooperado plenamente con el Departamento de Justicia, declar\u00f3 Renata Jungo Bruengger, miembro del consejo de integridad, gobernanza y sostenibilidad de Mercedes, en un comunicado enviado por correo electr\u00f3nico.<\/p>\n\n\n\n<p>\u201cCon la decisi\u00f3n del DoJ, estamos dando otro paso importante hacia la seguridad jur\u00eddica en relaci\u00f3n con varios procedimientos relativos al di\u00e9sel\u201d, destac\u00f3.<\/p>\n\n\n\n<p>En 2016, el DoJ inst\u00f3 a Mercedes-Benz a realizar una investigaci\u00f3n interna sobre posibles valores de emisiones manipulados en veh\u00edculos di\u00e9sel.<\/p>\n\n\n\n<p>El fabricante de autom\u00f3viles fue acusado de enga\u00f1ar a los consumidores con falsas representaciones de sus veh\u00edculos BlueTEC, que comercializaba como \u201cel di\u00e9sel m\u00e1s limpio y avanzado del mundo\u201d.<\/p>\n","protected":false},"excerpt":{"rendered":"<p>Berl\u00edn.&nbsp;El Departamento de Justicia de Estados Unidos (DoJ) cerr\u00f3 su investigaci\u00f3n sobre el esc\u00e1ndalo de las emisiones di\u00e9sel de Mercedes-Benz, dijo el s\u00e1bado el fabricante alem\u00e1n de autom\u00f3viles, por lo que ya no afronta cargos al respecto. Mercedes-Benz ha cooperado plenamente con el Departamento de Justicia, declar\u00f3 Renata Jungo Bruengger, miembro del consejo de integridad, [&hellip;]<\/p>\n","protected":false},"author":1,"featured_media":10311,"comment_status":"open","ping_status":"open","sticky":false,"template":"","format":"standard","meta":{"content-type":"","footnotes":""},"categories":[7],"tags":[],"class_list":{"0":"post-10310","1":"post","2":"type-post","3":"status-publish","4":"format-standard","5":"has-post-thumbnail","7":"category-internacional"},"_links":{"self":[{"href":"https:\/\/www.regioncuatronoticias.com\/index.php\/wp-json\/wp\/v2\/posts\/10310","targetHints":{"allow":["GET"]}}],"collection":[{"href":"https:\/\/www.regioncuatronoticias.com\/index.php\/wp-json\/wp\/v2\/posts"}],"about":[{"href":"https:\/\/www.regioncuatronoticias.com\/index.php\/wp-json\/wp\/v2\/types\/post"}],"author":[{"embeddable":true,"href":"https:\/\/www.regioncuatronoticias.com\/index.php\/wp-json\/wp\/v2\/users\/1"}],"replies":[{"embeddable":true,"href":"https:\/\/www.regioncuatronoticias.com\/index.php\/wp-json\/wp\/v2\/comments?post=10310"}],"version-history":[{"count":1,"href":"https:\/\/www.regioncuatronoticias.com\/index.php\/wp-json\/wp\/v2\/posts\/10310\/revisions"}],"predecessor-version":[{"id":10312,"href":"https:\/\/www.regioncuatronoticias.com\/index.php\/wp-json\/wp\/v2\/posts\/10310\/revisions\/10312"}],"wp:featuredmedia":[{"embeddable":true,"href":"https:\/\/www.regioncuatronoticias.com\/index.php\/wp-json\/wp\/v2\/media\/10311"}],"wp:attachment":[{"href":"https:\/\/www.regioncuatronoticias.com\/index.php\/wp-json\/wp\/v2\/media?parent=10310"}],"wp:term":[{"taxonomy":"category","embeddable":true,"href":"https:\/\/www.regioncuatronoticias.com\/index.php\/wp-json\/wp\/v2\/categories?post=10310"},{"taxonomy":"post_tag","embeddable":true,"href":"https:\/\/www.regioncuatronoticias.com\/index.php\/wp-json\/wp\/v2\/tags?post=10310"}],"curies":[{"name":"wp","href":"https:\/\/api.w.org\/{rel}","templated":true}]}}