{"id":10307,"date":"2024-04-28T01:44:41","date_gmt":"2024-04-28T08:44:41","guid":{"rendered":"https:\/\/www.regioncuatronoticias.com\/?p=10307"},"modified":"2024-04-28T01:44:42","modified_gmt":"2024-04-28T08:44:42","slug":"dimite-consejero-general-de-tiktok-en-eu","status":"publish","type":"post","link":"https:\/\/www.regioncuatronoticias.com\/index.php\/2024\/04\/28\/dimite-consejero-general-de-tiktok-en-eu\/","title":{"rendered":"Dimite consejero general de TikTok en EU"},"content":{"rendered":"\n<p><em>Madrid.&nbsp;<\/em>El consejero general de TikTok y ByteDance \u2013su matriz china\u2013 en Estados Unidos, Erich Andersen, abandon\u00f3 su puesto despu\u00e9s de que el Senado estadunidense aprob\u00f3 el martes una ley que permitir\u00e1 la prohibici\u00f3n nacional de la plataforma si ByteDance no se desvincula de la misma, inform\u00f3 Bloomberg.<\/p>\n\n\n\n<p>\u201cHa sido una decisi\u00f3n dif\u00edcil dimitir despu\u00e9s de tantos a\u00f1os en este puesto. Estoy agradecido a mi talentoso equipo legal global, que ha enfrentado con \u00e9xito cada nuevo desaf\u00edo con incre\u00edble valent\u00eda y madurez\u201d, ha expresado tras darse a conocer la decisi\u00f3n.<\/p>\n\n\n\n<p>Andersen permanecer\u00e1 en la empresa como \u201casesor especial\u201d tras dejar su actual cargo en junio y sus labores se centrar\u00e1n en el esfuerzo para anular esta legislaci\u00f3n en EU y \u201cotros asuntos legales urgentes\u201d, indic\u00f3 un comunicado de TikTok citado por el mismo medio.<\/p>\n\n\n\n<p>La empresa hab\u00eda estado preparando la destituci\u00f3n de Andersen como consejero general tras el avance en el Congreso estadunidense de la mencionada ley, presentada con el prop\u00f3sito de forzar la \u201cdesinversi\u00f3n o la prohibici\u00f3n\u201d de TikTok. No obstante, la propia compa\u00f1\u00eda neg\u00f3 hace una semana que se estuviera planeando destituir a Andersen.<\/p>\n\n\n\n<p>\u201cSu decisi\u00f3n de abandonar el cargo de consejero general ha sido totalmente suya\u201d, agreg\u00f3 el portavoz de la red social, Jodi Seth, a este respecto.<\/p>\n\n\n\n<p>El hasta ahora consejero general llevaba una semana en el punto de mira y se barajaba su salida del cargo al considerarse que hab\u00eda fracasado en su tarea de convencer al gobierno de Estados Unidos de que la empresa estaba \u201chaciendo lo suficiente\u201d para evitar cualquier preocupaci\u00f3n en t\u00e9rminos de seguridad nacional con relaci\u00f3n en las conexiones de la compa\u00f1\u00eda con China.<\/p>\n","protected":false},"excerpt":{"rendered":"<p>Madrid.&nbsp;El consejero general de TikTok y ByteDance \u2013su matriz china\u2013 en Estados Unidos, Erich Andersen, abandon\u00f3 su puesto despu\u00e9s de que el Senado estadunidense aprob\u00f3 el martes una ley que permitir\u00e1 la prohibici\u00f3n nacional de la plataforma si ByteDance no se desvincula de la misma, inform\u00f3 Bloomberg. \u201cHa sido una decisi\u00f3n dif\u00edcil dimitir despu\u00e9s de [&hellip;]<\/p>\n","protected":false},"author":1,"featured_media":10308,"comment_status":"open","ping_status":"open","sticky":false,"template":"","format":"standard","meta":{"content-type":"","footnotes":""},"categories":[7],"tags":[],"class_list":{"0":"post-10307","1":"post","2":"type-post","3":"status-publish","4":"format-standard","5":"has-post-thumbnail","7":"category-internacional"},"_links":{"self":[{"href":"https:\/\/www.regioncuatronoticias.com\/index.php\/wp-json\/wp\/v2\/posts\/10307","targetHints":{"allow":["GET"]}}],"collection":[{"href":"https:\/\/www.regioncuatronoticias.com\/index.php\/wp-json\/wp\/v2\/posts"}],"about":[{"href":"https:\/\/www.regioncuatronoticias.com\/index.php\/wp-json\/wp\/v2\/types\/post"}],"author":[{"embeddable":true,"href":"https:\/\/www.regioncuatronoticias.com\/index.php\/wp-json\/wp\/v2\/users\/1"}],"replies":[{"embeddable":true,"href":"https:\/\/www.regioncuatronoticias.com\/index.php\/wp-json\/wp\/v2\/comments?post=10307"}],"version-history":[{"count":1,"href":"https:\/\/www.regioncuatronoticias.com\/index.php\/wp-json\/wp\/v2\/posts\/10307\/revisions"}],"predecessor-version":[{"id":10309,"href":"https:\/\/www.regioncuatronoticias.com\/index.php\/wp-json\/wp\/v2\/posts\/10307\/revisions\/10309"}],"wp:featuredmedia":[{"embeddable":true,"href":"https:\/\/www.regioncuatronoticias.com\/index.php\/wp-json\/wp\/v2\/media\/10308"}],"wp:attachment":[{"href":"https:\/\/www.regioncuatronoticias.com\/index.php\/wp-json\/wp\/v2\/media?parent=10307"}],"wp:term":[{"taxonomy":"category","embeddable":true,"href":"https:\/\/www.regioncuatronoticias.com\/index.php\/wp-json\/wp\/v2\/categories?post=10307"},{"taxonomy":"post_tag","embeddable":true,"href":"https:\/\/www.regioncuatronoticias.com\/index.php\/wp-json\/wp\/v2\/tags?post=10307"}],"curies":[{"name":"wp","href":"https:\/\/api.w.org\/{rel}","templated":true}]}}