{"id":10301,"date":"2024-04-28T01:41:53","date_gmt":"2024-04-28T08:41:53","guid":{"rendered":"https:\/\/www.regioncuatronoticias.com\/?p=10301"},"modified":"2024-04-28T01:41:54","modified_gmt":"2024-04-28T08:41:54","slug":"no-acude-sheinbaum-a-ensayo-del-segundo-debate-presidencial","status":"publish","type":"post","link":"https:\/\/www.regioncuatronoticias.com\/index.php\/2024\/04\/28\/no-acude-sheinbaum-a-ensayo-del-segundo-debate-presidencial\/","title":{"rendered":"No acude Sheinbaum a ensayo del segundo debate presidencial"},"content":{"rendered":"\n<p><em>Ciudad de M\u00e9xico.<\/em>&nbsp;La candidata presidencial Claudia Sheinbaum, por la coalici\u00f3n Sigamos Haciendo Historia, no acudi\u00f3 al segundo ensayo del debate de este domingo, como sucedi\u00f3 en el primer encuentro del 7 de abril pasado. A los Estudios Churubusco, ubicados al sur de la ciudad, s\u00f3lo llegaron algunos integrantes de su equipo.<\/p>\n\n\n\n<p>Al respecto, la consejera Claudia Zavala consider\u00f3 que la ausencia de Sheinbaum no es un \u201cdesaire\u201d para el Instituto Nacional Electoral (INE), m\u00e1s bien \u201cuna cuesti\u00f3n de los tiempos, de la planeaci\u00f3n de sus equipos\u201d.<\/p>\n\n\n\n<p>Hay que dejar claro, dijo en conferencia previa, \u201cque esta visita que hoy se hace por parte de las y el candidato, es t\u00e9cnica, para que \u00e9l y ellas vean el espacio, las condiciones del atril, c\u00f3mo se acomodan en las alturas y, en su caso, se pueda hacer alguna observaci\u00f3n\u201d.<\/p>\n\n\n\n<p>A pregunta expresa, insisti\u00f3: Las candidaturas deciden sus tiempos, \u201cy no creo que podamos hablar de alg\u00fan desaire, simplemente es la organizaci\u00f3n de sus tiempos y la posibilidad de que puedan ellos revisar las condiciones del espacio, y ellas, donde estar\u00e1n\u201d.<\/p>\n","protected":false},"excerpt":{"rendered":"<p>Ciudad de M\u00e9xico.&nbsp;La candidata presidencial Claudia Sheinbaum, por la coalici\u00f3n Sigamos Haciendo Historia, no acudi\u00f3 al segundo ensayo del debate de este domingo, como sucedi\u00f3 en el primer encuentro del 7 de abril pasado. A los Estudios Churubusco, ubicados al sur de la ciudad, s\u00f3lo llegaron algunos integrantes de su equipo. Al respecto, la consejera [&hellip;]<\/p>\n","protected":false},"author":1,"featured_media":10302,"comment_status":"open","ping_status":"open","sticky":false,"template":"","format":"standard","meta":{"content-type":"","footnotes":""},"categories":[123],"tags":[],"class_list":{"0":"post-10301","1":"post","2":"type-post","3":"status-publish","4":"format-standard","5":"has-post-thumbnail","7":"category-elecciones2024"},"_links":{"self":[{"href":"https:\/\/www.regioncuatronoticias.com\/index.php\/wp-json\/wp\/v2\/posts\/10301","targetHints":{"allow":["GET"]}}],"collection":[{"href":"https:\/\/www.regioncuatronoticias.com\/index.php\/wp-json\/wp\/v2\/posts"}],"about":[{"href":"https:\/\/www.regioncuatronoticias.com\/index.php\/wp-json\/wp\/v2\/types\/post"}],"author":[{"embeddable":true,"href":"https:\/\/www.regioncuatronoticias.com\/index.php\/wp-json\/wp\/v2\/users\/1"}],"replies":[{"embeddable":true,"href":"https:\/\/www.regioncuatronoticias.com\/index.php\/wp-json\/wp\/v2\/comments?post=10301"}],"version-history":[{"count":1,"href":"https:\/\/www.regioncuatronoticias.com\/index.php\/wp-json\/wp\/v2\/posts\/10301\/revisions"}],"predecessor-version":[{"id":10303,"href":"https:\/\/www.regioncuatronoticias.com\/index.php\/wp-json\/wp\/v2\/posts\/10301\/revisions\/10303"}],"wp:featuredmedia":[{"embeddable":true,"href":"https:\/\/www.regioncuatronoticias.com\/index.php\/wp-json\/wp\/v2\/media\/10302"}],"wp:attachment":[{"href":"https:\/\/www.regioncuatronoticias.com\/index.php\/wp-json\/wp\/v2\/media?parent=10301"}],"wp:term":[{"taxonomy":"category","embeddable":true,"href":"https:\/\/www.regioncuatronoticias.com\/index.php\/wp-json\/wp\/v2\/categories?post=10301"},{"taxonomy":"post_tag","embeddable":true,"href":"https:\/\/www.regioncuatronoticias.com\/index.php\/wp-json\/wp\/v2\/tags?post=10301"}],"curies":[{"name":"wp","href":"https:\/\/api.w.org\/{rel}","templated":true}]}}