{"id":10288,"date":"2024-04-28T01:37:02","date_gmt":"2024-04-28T08:37:02","guid":{"rendered":"https:\/\/www.regioncuatronoticias.com\/?p=10288"},"modified":"2024-04-28T01:37:07","modified_gmt":"2024-04-28T08:37:07","slug":"somete-milei-al-pueblo-argentino-a-inutil-sacrificio-cristina-kirchner","status":"publish","type":"post","link":"https:\/\/www.regioncuatronoticias.com\/index.php\/2024\/04\/28\/somete-milei-al-pueblo-argentino-a-inutil-sacrificio-cristina-kirchner\/","title":{"rendered":"Somete Milei al pueblo argentino a &#8220;in\u00fatil sacrificio&#8221;: Cristina Kirchner"},"content":{"rendered":"\n<p><em>Buenos Aires<\/em>. \u201cEl experimento anarco capitalista\u201d del actual gobierno del ultraderechista presidente Javier Milei y el in\u00fatil sacrificio al que est\u00e1 siendo sometido el pueblo&#8221;, mientras se festeja el cero del d\u00e9ficit fiscal, y no existe un \u201cplan de estabilizaci\u00f3n, s\u00f3lo de ajuste\u201d y razonando que cuando el alto porcentaje de votos que se puede alcanzar electoralmente desaparece, se deslegitima si la poblaci\u00f3n queda sumergida en el hambre, \u201cno llega a fin de mes\u201d, entre otras realidades que llevan a una situaci\u00f3n cr\u00edtica al pa\u00eds, fueron parte del discurso de las dos veces presidenta Cristina Fern\u00e1ndez de Kirchner(2007-2015) en su primera reaparici\u00f3n p\u00fablica desde que asumi\u00f3 la nueva administraci\u00f3n, en diciembre de 2023.<\/p>\n\n\n\n<p>En un escenario extremadamente complejo su presencia en un acto p\u00fablico provoc\u00f3 una enorme expectativa y esperanza, considerando que es la m\u00e1s importante dirigente pol\u00edtica de Argentina, que estuvo sometida durante sus gobiernos a todos los planes de desestabilizaci\u00f3n, denigraci\u00f3n desacreditaci\u00f3n, persecuci\u00f3n pol\u00edtica y judicial, incluyendo el armado de causas falsas, y hasta un intento de magnicidio como sucedi\u00f3 en septiembre de 2022, en un atentado fracasado porque se trab\u00f3 el gatillo de la pistola con que un hombre apunt\u00f3 a s\u00f3lo diez cent\u00edmetros de su cabeza, una imagen que dio la vuelta al mundo.<\/p>\n\n\n\n<p>En su discurso la ex mandataria dej\u00f3 sentado que la reflexi\u00f3n \u201cque hagamos hoy no es ni del dogmatismo, ni de la ideolog\u00eda\u201d lamentando el abandono y paralizaci\u00f3n de las dos mil 308 obras p\u00fablicas y m\u00e1s de cien en las estructuras universitarias.<\/p>\n\n\n\n<p>Refiri\u00e9ndose al empe\u00f1o del gobierno del Milei en mantener un modelo extractivista, sin la industria, la dirigente peronista consider\u00f3 que \u201cm\u00e1s que un anarco capitalismo\u201d lo que est\u00e1 sucediendo parece un \u201canarco colonialismo\u201d y sostuvo que el presidente cree que \u201cla recuperaci\u00f3n y el crecimiento vendr\u00e1n de cuatro sectores: petr\u00f3leo, gas, miner\u00eda y el campo\u201d<\/p>\n\n\n\n<p>Critic\u00f3 a fondo las pol\u00edticas de ajustes de Milei y sostuvo que \u201ccreer que el problema es el d\u00e9ficit fiscal es no entender la Argentina, la econom\u00eda ni el mundo\u201d expres\u00f3, a\u00f1adiendo que \u201cde todos los pa\u00edses del mundo solamente tres tienen super\u00e1vit fiscal [&#8230;] Saben cu\u00e1l es el d\u00e9ficit fiscal m\u00e1s grande del mundo? El de Estados Unidos, \u201cclaro tienen la maquinita de los d\u00f3lares y unos cuantos portaaviones, te pod\u00e9s dar el lujo de tener d\u00e9ficit y trasladarlo a los dem\u00e1s pa\u00edses del mundo\u201d.<\/p>\n\n\n\n<p>Dijo tambi\u00e9n que escuch\u00f3 \u201cal presidente congratularse por el super\u00e1vit fiscal\u201d. \u201cEs como no pagar el alquiler, la luz, el agua, las expensas (..)\u00bfSuper\u00e1vit de d\u00f3nde? No tienen super\u00e1vit. Es un super\u00e1vit que no tiene sustento\u201d. Record\u00f3 que \u201cen los seis a\u00f1os que hubo super\u00e1vit fiscal gobern\u00f3 N\u00e9stor Kirchner y quien les habla\u201d, entre el \u201c2003 al 2008 cuando se cay\u00f3 el mundo en una crisis global, no se pudo sostener\u201d,.<\/p>\n\n\n\n<p>Milei \u201chabla de haza\u00f1a hist\u00f3rica por un trimestre. Y nosotros lo hicimos seis a\u00f1os, pero no fuimos h\u00e9roes nacionales\u201d, se\u00f1al\u00f3, recalcando esto, porque el presidente llam\u00f3 \u201ch\u00e9roes nacionales a los empresarios\u201d, como antes hab\u00eda calificado tambi\u00e9n de h\u00e9roes a los que fugaban capitales al exterior\u201d para sacarlos de las garras del Estado, seg\u00fan dijo.<\/p>\n\n\n\n<p>En otro tema, ante el intento de Milei de desaparecer la educaci\u00f3n p\u00fablica desfinanciando a escuelas y especialmente a Universidades, bajo la acusaci\u00f3n de que hacen \u201cadoctrinamiemto pol\u00edtico\u201d, le respondi\u00f3: \u201cSi hubi\u00e9semos adoctrinado en colegios, \u00e9l no ser\u00eda presidente. \u00bfQu\u00e9 est\u00e1 diciendo este hombre?\u201d.<\/p>\n\n\n\n<p>La ex mandataria defendi\u00f3 la Universidad p\u00fablica y gratuita, y se refiri\u00f3 a la marcha del 23 de abril convocada por el movimiento estudiantil y docente, a la que adhirieron sindicatos, organizaciones, partidos pol\u00edticos y movimientos sociales, calific\u00e1ndola como \u201ctransversal y amplia\u201d destacando que fue la m\u00e1s grande movilizaci\u00f3n que recuerde en los \u00faltimos a\u00f1os contra el recorte de presupuesto decidido por la administraci\u00f3n libertaria.<\/p>\n\n\n\n<p>La respuesta de Fern\u00e1ndez de Kirchner, surgi\u00f3 despu\u00e9s del reciente discurso por cadena nacional del presidente Milei y en un foro de las derechas regionales e internacionales, muy criticado e injerencista.<\/p>\n\n\n\n<p>La tambi\u00e9n ex vicepresidenta asisti\u00f3 al acto de inauguraci\u00f3n del Microestadio N\u00e9stor Kirchner dentro del Polideportivo Municipal Reinaldo Gorno\u201d, en Quilmes, invitada por la intendenta Mayra Mendoza al que asistieron importantes dirigentes del peronismo como el gobernador bonaerense Axel Kicillof.<\/p>\n\n\n\n<p>Fern\u00e1ndez de Kirchner agradeci\u00f3 tambi\u00e9n al Intendente de Avellaneda Jorge Ferraresi, por haber inaugurado en la popular y populosa Isla Maciel el Centro Cultural Kirchner, en momentos en que el gobierno de Milei quiere producir un cambio y quitar el nombre del ex presidente al extraordinario edificio, que se ubica en esta capital, en el antiguo edificio del Correo.<\/p>\n\n\n\n<p>Una multitud desbord\u00f3 el Estadio y el discurso fue escuchado en unidades b\u00e1sicas y centros peronistas en todo el pa\u00eds .<\/p>\n\n\n\n<p>Su reaparici\u00f3n fue muy importante para miles que la recibieron cantando \u201cla patria no se vende\u201d en un momento de gran emoci\u00f3n, que se encendi\u00f3 cuando la ex mandataria se\u00f1al\u00f3 la necesidad de defender las empresas estrat\u00e9gicas del estado, que fueron recuperadas por el gobierno de N\u00e9stor Kichner y el suyo.<\/p>\n\n\n\n<p>Esto sucede a d\u00edas de que se debata en diputados \u201cla Ley base\u201d nuevamente impuesta por Milei y que ya fue rechazada por el senado en marzo, y en las grandes marchas de protesta que se han sucedido en estos cuatro meses de gesti\u00f3n, en la que intenta privatizar desde Aerol\u00edneas Argentinas, hasta entidades cient\u00edficas y culturales, entre tantas otras como las petroleras, y volver s\u00f3lo a exportar materias primas.<\/p>\n\n\n\n<p>Lo que cre\u00f3 el momento m\u00e1s emocionante y esperanzador para los enfervorizados asistentes fue el llamado de la ex mandataria a la urgente y necesaria unidad del peronismo con amplitud y diversidad, para enfrentar este momento tan peligroso, donde incluso se intenta, como canta la poblaci\u00f3n \u201cvender la patria\u201d.<\/p>\n","protected":false},"excerpt":{"rendered":"<p>Buenos Aires. \u201cEl experimento anarco capitalista\u201d del actual gobierno del ultraderechista presidente Javier Milei y el in\u00fatil sacrificio al que est\u00e1 siendo sometido el pueblo&#8221;, mientras se festeja el cero del d\u00e9ficit fiscal, y no existe un \u201cplan de estabilizaci\u00f3n, s\u00f3lo de ajuste\u201d y razonando que cuando el alto porcentaje de votos que se puede [&hellip;]<\/p>\n","protected":false},"author":1,"featured_media":10290,"comment_status":"open","ping_status":"open","sticky":false,"template":"","format":"standard","meta":{"content-type":"","footnotes":""},"categories":[7],"tags":[],"class_list":{"0":"post-10288","1":"post","2":"type-post","3":"status-publish","4":"format-standard","5":"has-post-thumbnail","7":"category-internacional"},"_links":{"self":[{"href":"https:\/\/www.regioncuatronoticias.com\/index.php\/wp-json\/wp\/v2\/posts\/10288","targetHints":{"allow":["GET"]}}],"collection":[{"href":"https:\/\/www.regioncuatronoticias.com\/index.php\/wp-json\/wp\/v2\/posts"}],"about":[{"href":"https:\/\/www.regioncuatronoticias.com\/index.php\/wp-json\/wp\/v2\/types\/post"}],"author":[{"embeddable":true,"href":"https:\/\/www.regioncuatronoticias.com\/index.php\/wp-json\/wp\/v2\/users\/1"}],"replies":[{"embeddable":true,"href":"https:\/\/www.regioncuatronoticias.com\/index.php\/wp-json\/wp\/v2\/comments?post=10288"}],"version-history":[{"count":1,"href":"https:\/\/www.regioncuatronoticias.com\/index.php\/wp-json\/wp\/v2\/posts\/10288\/revisions"}],"predecessor-version":[{"id":10291,"href":"https:\/\/www.regioncuatronoticias.com\/index.php\/wp-json\/wp\/v2\/posts\/10288\/revisions\/10291"}],"wp:featuredmedia":[{"embeddable":true,"href":"https:\/\/www.regioncuatronoticias.com\/index.php\/wp-json\/wp\/v2\/media\/10290"}],"wp:attachment":[{"href":"https:\/\/www.regioncuatronoticias.com\/index.php\/wp-json\/wp\/v2\/media?parent=10288"}],"wp:term":[{"taxonomy":"category","embeddable":true,"href":"https:\/\/www.regioncuatronoticias.com\/index.php\/wp-json\/wp\/v2\/categories?post=10288"},{"taxonomy":"post_tag","embeddable":true,"href":"https:\/\/www.regioncuatronoticias.com\/index.php\/wp-json\/wp\/v2\/tags?post=10288"}],"curies":[{"name":"wp","href":"https:\/\/api.w.org\/{rel}","templated":true}]}}