{"id":10275,"date":"2024-04-27T23:42:53","date_gmt":"2024-04-28T06:42:53","guid":{"rendered":"https:\/\/www.regioncuatronoticias.com\/?p=10275"},"modified":"2024-04-27T23:42:55","modified_gmt":"2024-04-28T06:42:55","slug":"que-sea-su-interlocutor-en-el-senado-solicita-la-barra-sonorense-de-abogados-a-beltrones","status":"publish","type":"post","link":"https:\/\/www.regioncuatronoticias.com\/index.php\/2024\/04\/27\/que-sea-su-interlocutor-en-el-senado-solicita-la-barra-sonorense-de-abogados-a-beltrones\/","title":{"rendered":"Que sea su interlocutor en el Senado, solicita la Barra Sonorense de Abogados a Beltrones"},"content":{"rendered":"\n<p><strong>-\u201cQuisi<\/strong><strong>\u00e9ramos que usted llegue al Senado y pudi<\/strong><strong>\u00e9semos tener un interlocutor donde le pudi\u00e9ramos plantear nuestras inquietudes y entablar una comunicaci\u00f3n constante para revisar iniciativas que tengan un impacto en la poblaci\u00f3n\u201d, coment\u00f3 el presidente de la Barra de Abogados, Jos\u00e9 Manuel \u00c1vila.<\/strong><\/p>\n\n\n\n<p><strong>-Ley de Amnist\u00eda, la Ley de Amparo, la pretensi\u00f3n de tomar el control de la Corte y la necesidad de revisar la prisi\u00f3n preventiva oficiosa, son los temas que ameritan an\u00e1lisis urgente, coincidieron los litigantes con el Candidato Manlio Fabio Beltrones Rivera.<\/strong><\/p>\n\n\n\n<p>Hermosillo, abril 27 de 2024.- El candidato Manlio Fabio Beltrones ofreci\u00f3 puertas abiertas en el Senado de la Republica a la Barra Sonorense de Abogados para revisar de manera conjunta las reformas del presidente Andr\u00e9s Manuel L\u00f3pez Obrador y encontrar mecanismos legales que modifiquen aquello que atenta contra las instituciones democr\u00e1ticas o que afectan a los ciudadanos en lo individual.<\/p>\n\n\n\n<p>En el encuentro celebrado a invitaci\u00f3n de la Barra de abogados, se abordaron las recientes reformas que han causado pol\u00e9mica y preocupaci\u00f3n en amplios sectores de M\u00e9xico relacionadas con las modificaciones al sistema de pensiones, la Ley de Amnist\u00eda, la Ley de Amparo, la pretensi\u00f3n de tomar el control de la Corte y la necesidad de revisar la prisi\u00f3n preventiva oficiosa.<\/p>\n\n\n\n<p>\u201cLas puertas del Senado estar\u00e1n abiertas para revisar juntos los temas planteados en esta reuni\u00f3n, pero antes es importante ir a una elecci\u00f3n este 2 de junio que permita cambiar la composici\u00f3n en las c\u00e1maras y dar la pelea a las reformas anticonstitucionales del presidente\u201d, planteo Beltrones en la reuni\u00f3n.<\/p>\n\n\n\n<p>Hizo \u00e9nfasis en la reforma a la Ley de Amparo que busca restringir las facultades de las personas juzgadoras para suspender normas generales, es decir si la Corte no declara inconstitucional una Ley que en si es anticonstitucional, no puede haber amparos individuales.<\/p>\n\n\n\n<p>\u201cSi la conoci\u00f3 la Corte y no la declara inconstitucional, entonces no tienes derecho al amparo individual\u201d, apunt\u00f3 Beltrones.<\/p>\n\n\n\n<p>Adem\u00e1s cit\u00f3 gran preocupaci\u00f3n la reforma al sistema de presiones as\u00ed como la lamentable mec\u00e1nica de reformas al vapor y la perniciosa mayor\u00eda sin conocimientos de la violaci\u00f3n a derechos humanos<\/p>\n\n\n\n<p><strong>NECESITAMOS INTERLOCUTORES EN EL SENADO; BARRA SONORENSE DE ABOGADOS<\/strong><\/p>\n\n\n\n<p>La Barra Sonorense de Abogados se pronunci\u00f3 por la candidatura al Senado de Manlio Fabio Beltrones y le planteo sea interlocutor para revisar de manera conjunta las reformas del presidente Andr\u00e9s Manuel L\u00f3pez Obrador que pone en peligro a las instituciones democr\u00e1ticas en M\u00e9xico.<\/p>\n\n\n\n<p>\u201cDe tal suerte que quisi\u00e9ramos que usted llegue al Senado y pudi\u00e9semos tener un interlocutor donde le pudi\u00e9ramos plantear nuestras inquietudes y entablar una comunicaci\u00f3n constante para revisar iniciativas que tengan un impacto en la poblaci\u00f3n\u201d, coment\u00f3 el presidente de la Barra de Abogados, Jos\u00e9 Manuel \u00c1vila.<\/p>\n\n\n\n<p>Externaron al candidato Beltrones sus preocupaciones por la rapidez con que este gobierno de Morena est\u00e1 intentando apoderarse de los poderes judiciales en M\u00e9xico y la necesidad de buscar los equilibrios a trav\u00e9s de las c\u00e1maras y en los congresos locales<\/p>\n","protected":false},"excerpt":{"rendered":"<p>-\u201cQuisi\u00e9ramos que usted llegue al Senado y pudi\u00e9semos tener un interlocutor donde le pudi\u00e9ramos plantear nuestras inquietudes y entablar una comunicaci\u00f3n constante para revisar iniciativas que tengan un impacto en la poblaci\u00f3n\u201d, coment\u00f3 el presidente de la Barra de Abogados, Jos\u00e9 Manuel \u00c1vila. -Ley de Amnist\u00eda, la Ley de Amparo, la pretensi\u00f3n de tomar el [&hellip;]<\/p>\n","protected":false},"author":1,"featured_media":10276,"comment_status":"open","ping_status":"open","sticky":false,"template":"","format":"standard","meta":{"content-type":"","footnotes":""},"categories":[123,9],"tags":[],"class_list":{"0":"post-10275","1":"post","2":"type-post","3":"status-publish","4":"format-standard","5":"has-post-thumbnail","7":"category-elecciones2024","8":"category-sonora"},"_links":{"self":[{"href":"https:\/\/www.regioncuatronoticias.com\/index.php\/wp-json\/wp\/v2\/posts\/10275","targetHints":{"allow":["GET"]}}],"collection":[{"href":"https:\/\/www.regioncuatronoticias.com\/index.php\/wp-json\/wp\/v2\/posts"}],"about":[{"href":"https:\/\/www.regioncuatronoticias.com\/index.php\/wp-json\/wp\/v2\/types\/post"}],"author":[{"embeddable":true,"href":"https:\/\/www.regioncuatronoticias.com\/index.php\/wp-json\/wp\/v2\/users\/1"}],"replies":[{"embeddable":true,"href":"https:\/\/www.regioncuatronoticias.com\/index.php\/wp-json\/wp\/v2\/comments?post=10275"}],"version-history":[{"count":1,"href":"https:\/\/www.regioncuatronoticias.com\/index.php\/wp-json\/wp\/v2\/posts\/10275\/revisions"}],"predecessor-version":[{"id":10277,"href":"https:\/\/www.regioncuatronoticias.com\/index.php\/wp-json\/wp\/v2\/posts\/10275\/revisions\/10277"}],"wp:featuredmedia":[{"embeddable":true,"href":"https:\/\/www.regioncuatronoticias.com\/index.php\/wp-json\/wp\/v2\/media\/10276"}],"wp:attachment":[{"href":"https:\/\/www.regioncuatronoticias.com\/index.php\/wp-json\/wp\/v2\/media?parent=10275"}],"wp:term":[{"taxonomy":"category","embeddable":true,"href":"https:\/\/www.regioncuatronoticias.com\/index.php\/wp-json\/wp\/v2\/categories?post=10275"},{"taxonomy":"post_tag","embeddable":true,"href":"https:\/\/www.regioncuatronoticias.com\/index.php\/wp-json\/wp\/v2\/tags?post=10275"}],"curies":[{"name":"wp","href":"https:\/\/api.w.org\/{rel}","templated":true}]}}